{"id":10135,"date":"2024-01-22T22:24:36","date_gmt":"2024-01-22T21:24:36","guid":{"rendered":"https:\/\/hbg-koeln.de\/?p=10135"},"modified":"2024-01-22T22:24:36","modified_gmt":"2024-01-22T21:24:36","slug":"lesefoerderung-der-besonderen-art-in-der-bibliothek-der-hbg","status":"publish","type":"post","link":"https:\/\/hbg-koeln.de\/?p=10135","title":{"rendered":"<b>Lesef\u00f6rderung der besonderen Art in der Bibliothek der HBG\u00a0<\/b>"},"content":{"rendered":"<p><span data-contrast=\"auto\"><a href=\"http:\/\/hbg-koeln.de\/wp-content\/uploads\/2024\/01\/comicRalley1-scaled.jpeg\"><img loading=\"lazy\" decoding=\"async\" class=\"alignleft  wp-image-10136\" src=\"http:\/\/hbg-koeln.de\/wp-content\/uploads\/2024\/01\/comicRalley1-300x267.jpeg\" alt=\"\" width=\"126\" height=\"112\" srcset=\"https:\/\/hbg-koeln.de\/wp-content\/uploads\/2024\/01\/comicRalley1-300x267.jpeg 300w, https:\/\/hbg-koeln.de\/wp-content\/uploads\/2024\/01\/comicRalley1-1024x911.jpeg 1024w, https:\/\/hbg-koeln.de\/wp-content\/uploads\/2024\/01\/comicRalley1-768x684.jpeg 768w, https:\/\/hbg-koeln.de\/wp-content\/uploads\/2024\/01\/comicRalley1-1536x1367.jpeg 1536w, https:\/\/hbg-koeln.de\/wp-content\/uploads\/2024\/01\/comicRalley1-2048x1823.jpeg 2048w\" sizes=\"auto, (max-width: 126px) 100vw, 126px\" \/><\/a> Lesef\u00f6rderung wird in der Heinrich-B\u00f6ll-Gesamtschule ganz GRO\u00df geschrieben. Aus diesem Grund durften die Sch\u00fclerinnen und Sch\u00fcler des 5. und 6. Jahrgangs in der Bibliothek Ende 2023 an einer \u201eComic-Rallye\u201c teilnehmen.<\/span><span data-ccp-props=\"{&quot;201341983&quot;:0,&quot;335559739&quot;:160,&quot;335559740&quot;:259}\">&nbsp;<\/span><\/p>\n<p><span data-contrast=\"auto\">Begleitet wurde das Projekt von der Literaturp\u00e4dagogin Dr. Susanne Klinkhamels, die den Sch\u00fcler:innen anhand von acht Stationen von ihr ausgew\u00e4hlte Comics n\u00e4herbrachte. Die Sch\u00fcler:innen durften dabei ihrer Kreativit\u00e4t freien Lauf lassen und sogar ihren eigenen Comic kreieren.&nbsp;<\/span><span data-ccp-props=\"{&quot;201341983&quot;:0,&quot;335559739&quot;:160,&quot;335559740&quot;:259}\">&nbsp;<\/span><!--moreWeiterlesen!--><\/p>\n<p><span data-contrast=\"auto\">Am Ende wurden anhand von Bewertungsb\u00f6gen die drei beliebtesten Comics gek\u00fcrt. Alle (Sieger-) Titel stehen ab sofort f\u00fcr die Sch\u00fcler:innen in der Bibi zur Ausleihe zur Verf\u00fcgung!<\/span><span data-ccp-props=\"{&quot;201341983&quot;:0,&quot;335559739&quot;:160,&quot;335559740&quot;:259}\">&nbsp;<\/span><\/p>\n<p><span data-contrast=\"auto\"><a href=\"http:\/\/hbg-koeln.de\/wp-content\/uploads\/2024\/01\/comicRalley3-scaled.jpeg\"><img loading=\"lazy\" decoding=\"async\" class=\"alignleft  wp-image-10137\" src=\"http:\/\/hbg-koeln.de\/wp-content\/uploads\/2024\/01\/comicRalley3-201x300.jpeg\" alt=\"\" width=\"76\" height=\"113\" srcset=\"https:\/\/hbg-koeln.de\/wp-content\/uploads\/2024\/01\/comicRalley3-201x300.jpeg 201w, https:\/\/hbg-koeln.de\/wp-content\/uploads\/2024\/01\/comicRalley3-687x1024.jpeg 687w, https:\/\/hbg-koeln.de\/wp-content\/uploads\/2024\/01\/comicRalley3-768x1145.jpeg 768w, https:\/\/hbg-koeln.de\/wp-content\/uploads\/2024\/01\/comicRalley3-1030x1536.jpeg 1030w, https:\/\/hbg-koeln.de\/wp-content\/uploads\/2024\/01\/comicRalley3-1374x2048.jpeg 1374w, https:\/\/hbg-koeln.de\/wp-content\/uploads\/2024\/01\/comicRalley3-scaled.jpeg 1717w\" sizes=\"auto, (max-width: 76px) 100vw, 76px\" \/><\/a>Den ersten Platz belegte das \u201aHandbuch f\u00fcr Superhelden\u2018.<\/span><span data-ccp-props=\"{&quot;201341983&quot;:0,&quot;335559739&quot;:160,&quot;335559740&quot;:259}\">&nbsp;<\/span><\/p>\n<p><span data-contrast=\"auto\">Wir m\u00f6chten dem F\u00f6rderverein herzlich danken, der dieses tolle Projekt finanziell unterst\u00fctzt hat!<\/span><span data-ccp-props=\"{&quot;201341983&quot;:0,&quot;335559739&quot;:160,&quot;335559740&quot;:259}\">&nbsp;<\/span><\/p>\n","protected":false},"excerpt":{"rendered":"<p>Lesef\u00f6rderung wird in der Heinrich-B\u00f6ll-Gesamtschule ganz GRO\u00df geschrieben. Aus diesem Grund durften die Sch\u00fclerinnen und Sch\u00fcler des 5. und 6. Jahrgangs in der Bibliothek Ende 2023 an einer \u201eComic-Rallye\u201c teilnehmen.&nbsp; Begleitet wurde das Projekt von der<a class=\"moretag\" href=\"https:\/\/hbg-koeln.de\/?p=10135\">Read More&#8230;<\/a><\/p>\n","protected":false},"author":11,"featured_media":0,"comment_status":"closed","ping_status":"open","sticky":false,"template":"","format":"standard","meta":{"ngg_post_thumbnail":0,"footnotes":""},"categories":[1],"tags":[],"class_list":["post-10135","post","type-post","status-publish","format-standard","hentry","category-allgemein"],"_links":{"self":[{"href":"https:\/\/hbg-koeln.de\/index.php?rest_route=\/wp\/v2\/posts\/10135","targetHints":{"allow":["GET"]}}],"collection":[{"href":"https:\/\/hbg-koeln.de\/index.php?rest_route=\/wp\/v2\/posts"}],"about":[{"href":"https:\/\/hbg-koeln.de\/index.php?rest_route=\/wp\/v2\/types\/post"}],"author":[{"embeddable":true,"href":"https:\/\/hbg-koeln.de\/index.php?rest_route=\/wp\/v2\/users\/11"}],"replies":[{"embeddable":true,"href":"https:\/\/hbg-koeln.de\/index.php?rest_route=%2Fwp%2Fv2%2Fcomments&post=10135"}],"version-history":[{"count":1,"href":"https:\/\/hbg-koeln.de\/index.php?rest_route=\/wp\/v2\/posts\/10135\/revisions"}],"predecessor-version":[{"id":10138,"href":"https:\/\/hbg-koeln.de\/index.php?rest_route=\/wp\/v2\/posts\/10135\/revisions\/10138"}],"wp:attachment":[{"href":"https:\/\/hbg-koeln.de\/index.php?rest_route=%2Fwp%2Fv2%2Fmedia&parent=10135"}],"wp:term":[{"taxonomy":"category","embeddable":true,"href":"https:\/\/hbg-koeln.de\/index.php?rest_route=%2Fwp%2Fv2%2Fcategories&post=10135"},{"taxonomy":"post_tag","embeddable":true,"href":"https:\/\/hbg-koeln.de\/index.php?rest_route=%2Fwp%2Fv2%2Ftags&post=10135"}],"curies":[{"name":"wp","href":"https:\/\/api.w.org\/{rel}","templated":true}]}}