{"id":10175,"date":"2024-02-16T12:54:49","date_gmt":"2024-02-16T11:54:49","guid":{"rendered":"https:\/\/hbg-koeln.de\/?p=10175"},"modified":"2024-02-16T12:54:49","modified_gmt":"2024-02-16T11:54:49","slug":"jugend-debattiert-schulfinale-an-der-hbg-5","status":"publish","type":"post","link":"https:\/\/hbg-koeln.de\/?p=10175","title":{"rendered":"<b>Jugend debattiert-Schulfinale an der HBG<\/b>"},"content":{"rendered":"<p>Seit dem Schuljahr 2015\/16 geh\u00f6rt die Heinrich-B\u00f6ll-Gesamtschule zu den \u00fcber 1.300 Sc<a href=\"http:\/\/hbg-koeln.de\/wp-content\/uploads\/2024\/02\/Schulfinale-2024-scaled.jpg\"><img loading=\"lazy\" decoding=\"async\" class=\"alignleft wp-image-10177\" src=\"http:\/\/hbg-koeln.de\/wp-content\/uploads\/2024\/02\/Schulfinale-2024-300x187.jpg\" alt=\"\" width=\"188\" height=\"117\" srcset=\"https:\/\/hbg-koeln.de\/wp-content\/uploads\/2024\/02\/Schulfinale-2024-300x187.jpg 300w, https:\/\/hbg-koeln.de\/wp-content\/uploads\/2024\/02\/Schulfinale-2024-1024x638.jpg 1024w, https:\/\/hbg-koeln.de\/wp-content\/uploads\/2024\/02\/Schulfinale-2024-768x479.jpg 768w, https:\/\/hbg-koeln.de\/wp-content\/uploads\/2024\/02\/Schulfinale-2024-1536x958.jpg 1536w, https:\/\/hbg-koeln.de\/wp-content\/uploads\/2024\/02\/Schulfinale-2024-2048x1277.jpg 2048w\" sizes=\"auto, (max-width: 188px) 100vw, 188px\" \/><\/a>hulen in Deutschland, die an dem mehrfach ausgezeichneten bundesweiten Sch\u00fclerwettbewerb <em>Jugend debattiert<\/em> teilnehmen. Am Mittwoch, den 24. Januar 2024 fand zum siebten Mal an der HBG das Schulfinale im Rahmen dieses Wettbewerbs statt.<!--moreWeiterlesen--><\/p>\n<p>Auf der B\u00fchne im Freizeitzentrum debattierten acht Sch\u00fclerinnen und Sch\u00fcler, die sich zuvor durch besondere Debattierleistungen ausgezeichnet hatten, \u00fcber die Fragen \u201eSollen Sch\u00f6nheitswettbewerbe und Modelcastingshows in Deutschland verboten werden?\u201c (Sek. I) und \u201eSoll Mobbing an Schulen h\u00e4rter bestraft werden?\u201c (Sek. II).<\/p>\n<p>Auch in diesem Jahr interessierten sich viele Sch\u00fclerinnen und Sch\u00fcler f\u00fcr die Debatten, sodass das Freizeitzentrum erneut gut gef\u00fcllt war. Dies ist umso erfreulicher, da es ein vorrangiges Ziel der Projektteilnahme ist, m\u00f6glichst viele Sch\u00fclerinnen und Sch\u00fcler an der HBG f\u00fcr das Debattieren zu begeistern und auf diese Weise an unserer Schule eine positive Diskussionskultur zu f\u00f6rdern.<\/p>\n<p>Die aus der Journalistin und Redakteurin Diana Ha\u00df, den Kolleginnen Isabel Hartmann und Chantal Jacoby sowie unserem Schulleiter Rolf Grisard bestehende Jury hatte eine schwierige Entscheidung zu treffen. Beim Regionalwettbewerb, der am 22. Februar 2023 am Leonardo-da-Vinci-Gymnasium in K\u00f6ln-Niehl stattfindet, werden nun Naomy Laly und Curly-Sue Casula (Sek. I) sowie Tanisha Kattar und Noelia Anima (Sek. II) unsere Schule vertreten. <strong>Herzlichen Gl\u00fcckwunsch, wir dr\u00fccken Euch die Daumen!<\/strong><\/p>\n<p>Gro\u00dfer Respekt geb\u00fchrt jedoch s\u00e4mtlichen acht Schulfinalisten, die vor einem beachtlichen Publikum zwei interessante und faire Debatten gezeigt haben. Zudem bedanken wir uns bei Malina Meisenberg aus der Q1, die als Zeitw\u00e4chterin fungiert hat, sowie allen Juroren und Helfern herzlich f\u00fcr ihr Engagement.<\/p>\n","protected":false},"excerpt":{"rendered":"<p>Seit dem Schuljahr 2015\/16 geh\u00f6rt die Heinrich-B\u00f6ll-Gesamtschule zu den \u00fcber 1.300 Schulen in Deutschland, die an dem mehrfach ausgezeichneten bundesweiten Sch\u00fclerwettbewerb Jugend debattiert teilnehmen. Am Mittwoch, den 24. Januar 2024 fand zum siebten Mal an der<a class=\"moretag\" href=\"https:\/\/hbg-koeln.de\/?p=10175\">Read More&#8230;<\/a><\/p>\n","protected":false},"author":11,"featured_media":0,"comment_status":"closed","ping_status":"open","sticky":false,"template":"","format":"standard","meta":{"ngg_post_thumbnail":0,"footnotes":""},"categories":[1],"tags":[],"class_list":["post-10175","post","type-post","status-publish","format-standard","hentry","category-allgemein"],"_links":{"self":[{"href":"https:\/\/hbg-koeln.de\/index.php?rest_route=\/wp\/v2\/posts\/10175","targetHints":{"allow":["GET"]}}],"collection":[{"href":"https:\/\/hbg-koeln.de\/index.php?rest_route=\/wp\/v2\/posts"}],"about":[{"href":"https:\/\/hbg-koeln.de\/index.php?rest_route=\/wp\/v2\/types\/post"}],"author":[{"embeddable":true,"href":"https:\/\/hbg-koeln.de\/index.php?rest_route=\/wp\/v2\/users\/11"}],"replies":[{"embeddable":true,"href":"https:\/\/hbg-koeln.de\/index.php?rest_route=%2Fwp%2Fv2%2Fcomments&post=10175"}],"version-history":[{"count":1,"href":"https:\/\/hbg-koeln.de\/index.php?rest_route=\/wp\/v2\/posts\/10175\/revisions"}],"predecessor-version":[{"id":10178,"href":"https:\/\/hbg-koeln.de\/index.php?rest_route=\/wp\/v2\/posts\/10175\/revisions\/10178"}],"wp:attachment":[{"href":"https:\/\/hbg-koeln.de\/index.php?rest_route=%2Fwp%2Fv2%2Fmedia&parent=10175"}],"wp:term":[{"taxonomy":"category","embeddable":true,"href":"https:\/\/hbg-koeln.de\/index.php?rest_route=%2Fwp%2Fv2%2Fcategories&post=10175"},{"taxonomy":"post_tag","embeddable":true,"href":"https:\/\/hbg-koeln.de\/index.php?rest_route=%2Fwp%2Fv2%2Ftags&post=10175"}],"curies":[{"name":"wp","href":"https:\/\/api.w.org\/{rel}","templated":true}]}}