{"id":10223,"date":"2024-03-19T08:13:54","date_gmt":"2024-03-19T07:13:54","guid":{"rendered":"https:\/\/hbg-koeln.de\/?p=10223"},"modified":"2024-03-19T08:13:54","modified_gmt":"2024-03-19T07:13:54","slug":"felicitations-schuelerinnen-des-10-jahrgangs-bestehen-international-anerkannte-franzoesisch-sprachpruefung-delf","status":"publish","type":"post","link":"https:\/\/hbg-koeln.de\/?p=10223","title":{"rendered":"<b>F\u00c9LICITATIONS! Sch\u00fclerInnen des 10. Jahrgangs bestehen international anerkannte Franz\u00f6sisch-Sprachpr\u00fcfung DELF<\/b>"},"content":{"rendered":"<p><strong><a href=\"http:\/\/hbg-koeln.de\/wp-content\/uploads\/2024\/03\/IMG_0409.jpeg\"><img loading=\"lazy\" decoding=\"async\" class=\"alignleft  wp-image-10224\" src=\"http:\/\/hbg-koeln.de\/wp-content\/uploads\/2024\/03\/IMG_0409-300x169.jpeg\" alt=\"\" width=\"174\" height=\"98\" srcset=\"https:\/\/hbg-koeln.de\/wp-content\/uploads\/2024\/03\/IMG_0409-300x169.jpeg 300w, https:\/\/hbg-koeln.de\/wp-content\/uploads\/2024\/03\/IMG_0409-1024x576.jpeg 1024w, https:\/\/hbg-koeln.de\/wp-content\/uploads\/2024\/03\/IMG_0409-768x432.jpeg 768w, https:\/\/hbg-koeln.de\/wp-content\/uploads\/2024\/03\/IMG_0409-1536x864.jpeg 1536w, https:\/\/hbg-koeln.de\/wp-content\/uploads\/2024\/03\/IMG_0409-2048x1152.jpeg 2048w\" sizes=\"auto, (max-width: 174px) 100vw, 174px\" \/><\/a>Mathieu Das, Elanur G\u00fcnes, Bilal Fakhir, Timon Gebel, Marwah Salarzei und Henry Wolff <\/strong>haben erfolgreich an der zentralen DELF-Sprachpr\u00fcfung des franz\u00f6sischen Bildungsministerium teilgenommen und somit ein international anerkanntes staatliches Sprachdiplom erworben. Sie mussten eine schriftliche und eine m\u00fcndliche Pr\u00fcfung ablegen und haben darin bewiesen, dass sie verschiedene Alltagssituationen auf Franz\u00f6sisch gut meistern k\u00f6nnen. <strong>G\u00c9NIAL!!!<\/strong><\/p>\n","protected":false},"excerpt":{"rendered":"<p>Mathieu Das, Elanur G\u00fcnes, Bilal Fakhir, Timon Gebel, Marwah Salarzei und Henry Wolff haben erfolgreich an der zentralen DELF-Sprachpr\u00fcfung des franz\u00f6sischen Bildungsministerium teilgenommen und somit ein international anerkanntes staatliches Sprachdiplom erworben. Sie mussten eine schriftliche und<a class=\"moretag\" href=\"https:\/\/hbg-koeln.de\/?p=10223\">Read More&#8230;<\/a><\/p>\n","protected":false},"author":11,"featured_media":0,"comment_status":"closed","ping_status":"open","sticky":false,"template":"","format":"standard","meta":{"ngg_post_thumbnail":0,"footnotes":""},"categories":[1],"tags":[],"class_list":["post-10223","post","type-post","status-publish","format-standard","hentry","category-allgemein"],"_links":{"self":[{"href":"https:\/\/hbg-koeln.de\/index.php?rest_route=\/wp\/v2\/posts\/10223","targetHints":{"allow":["GET"]}}],"collection":[{"href":"https:\/\/hbg-koeln.de\/index.php?rest_route=\/wp\/v2\/posts"}],"about":[{"href":"https:\/\/hbg-koeln.de\/index.php?rest_route=\/wp\/v2\/types\/post"}],"author":[{"embeddable":true,"href":"https:\/\/hbg-koeln.de\/index.php?rest_route=\/wp\/v2\/users\/11"}],"replies":[{"embeddable":true,"href":"https:\/\/hbg-koeln.de\/index.php?rest_route=%2Fwp%2Fv2%2Fcomments&post=10223"}],"version-history":[{"count":1,"href":"https:\/\/hbg-koeln.de\/index.php?rest_route=\/wp\/v2\/posts\/10223\/revisions"}],"predecessor-version":[{"id":10225,"href":"https:\/\/hbg-koeln.de\/index.php?rest_route=\/wp\/v2\/posts\/10223\/revisions\/10225"}],"wp:attachment":[{"href":"https:\/\/hbg-koeln.de\/index.php?rest_route=%2Fwp%2Fv2%2Fmedia&parent=10223"}],"wp:term":[{"taxonomy":"category","embeddable":true,"href":"https:\/\/hbg-koeln.de\/index.php?rest_route=%2Fwp%2Fv2%2Fcategories&post=10223"},{"taxonomy":"post_tag","embeddable":true,"href":"https:\/\/hbg-koeln.de\/index.php?rest_route=%2Fwp%2Fv2%2Ftags&post=10223"}],"curies":[{"name":"wp","href":"https:\/\/api.w.org\/{rel}","templated":true}]}}