{"id":10392,"date":"2024-09-20T05:34:34","date_gmt":"2024-09-20T04:34:34","guid":{"rendered":"https:\/\/hbg-koeln.de\/?p=10392"},"modified":"2024-09-20T05:34:34","modified_gmt":"2024-09-20T04:34:34","slug":"hbg-laeuft-beim-fuehlinger-see-lauf-2024","status":"publish","type":"post","link":"https:\/\/hbg-koeln.de\/?p=10392","title":{"rendered":"<b>HBG l\u00e4uft! beim F\u00fchlinger See Lauf 2024<\/b>"},"content":{"rendered":"<p><a href=\"http:\/\/hbg-koeln.de\/wp-content\/uploads\/2024\/09\/Foto-Fuehlinger-See-Lauf-2024.jpg\"><img loading=\"lazy\" decoding=\"async\" class=\"alignleft  wp-image-10393\" src=\"http:\/\/hbg-koeln.de\/wp-content\/uploads\/2024\/09\/Foto-Fuehlinger-See-Lauf-2024-300x135.jpg\" alt=\"\" width=\"207\" height=\"93\" srcset=\"https:\/\/hbg-koeln.de\/wp-content\/uploads\/2024\/09\/Foto-Fuehlinger-See-Lauf-2024-300x135.jpg 300w, https:\/\/hbg-koeln.de\/wp-content\/uploads\/2024\/09\/Foto-Fuehlinger-See-Lauf-2024-1024x461.jpg 1024w, https:\/\/hbg-koeln.de\/wp-content\/uploads\/2024\/09\/Foto-Fuehlinger-See-Lauf-2024-768x346.jpg 768w, https:\/\/hbg-koeln.de\/wp-content\/uploads\/2024\/09\/Foto-Fuehlinger-See-Lauf-2024-1536x691.jpg 1536w, https:\/\/hbg-koeln.de\/wp-content\/uploads\/2024\/09\/Foto-Fuehlinger-See-Lauf-2024-604x270.jpg 604w, https:\/\/hbg-koeln.de\/wp-content\/uploads\/2024\/09\/Foto-Fuehlinger-See-Lauf-2024.jpg 1600w\" sizes=\"auto, (max-width: 207px) 100vw, 207px\" \/><\/a>Ein sch\u00f6neres Laufwetter gibt es kaum! Bei strahlendem Sonnenschein und angenehmer Lauftemperatur gingen die L\u00e4uferinnen und L\u00e4ufer der HBG am 15.9.2024 um 9.30 Uhr am F\u00fchlinger See an den Start der 5km-Laufstrecke. Das Team des ausrichtenden Vereins, der LL80 Nordpark K\u00f6ln, schuf wieder eine angenehme Atmosph\u00e4re und bot einen sehr gut durchstrukturierten Ablauf. Die Vorbereitung der HBG L\u00e4uferinnen und L\u00e4ufer zahlte sich aus. Alle kamen strahlend ins Ziel und wurden mit besonderem Applaus bedacht. Besonders hervorzuheben ist der 2. Platz in der U12 von Anna Esser (6.8), der 3. Platz in der U14 von Dean Esser (6.8) und der 2. Platz in der U16 von Maja Polakiewicz (10.7).<br \/>\nGl\u00fcckwunsch an alle! Im n\u00e4chsten Jahr werden wir alle wieder dabeisein!<\/p>\n","protected":false},"excerpt":{"rendered":"<p>Ein sch\u00f6neres Laufwetter gibt es kaum! Bei strahlendem Sonnenschein und angenehmer Lauftemperatur gingen die L\u00e4uferinnen und L\u00e4ufer der HBG am 15.9.2024 um 9.30 Uhr am F\u00fchlinger See an den Start der 5km-Laufstrecke. Das Team des ausrichtenden<a class=\"moretag\" href=\"https:\/\/hbg-koeln.de\/?p=10392\">Read More&#8230;<\/a><\/p>\n","protected":false},"author":11,"featured_media":0,"comment_status":"closed","ping_status":"open","sticky":false,"template":"","format":"standard","meta":{"ngg_post_thumbnail":0,"footnotes":""},"categories":[1],"tags":[],"class_list":["post-10392","post","type-post","status-publish","format-standard","hentry","category-allgemein"],"_links":{"self":[{"href":"https:\/\/hbg-koeln.de\/index.php?rest_route=\/wp\/v2\/posts\/10392","targetHints":{"allow":["GET"]}}],"collection":[{"href":"https:\/\/hbg-koeln.de\/index.php?rest_route=\/wp\/v2\/posts"}],"about":[{"href":"https:\/\/hbg-koeln.de\/index.php?rest_route=\/wp\/v2\/types\/post"}],"author":[{"embeddable":true,"href":"https:\/\/hbg-koeln.de\/index.php?rest_route=\/wp\/v2\/users\/11"}],"replies":[{"embeddable":true,"href":"https:\/\/hbg-koeln.de\/index.php?rest_route=%2Fwp%2Fv2%2Fcomments&post=10392"}],"version-history":[{"count":1,"href":"https:\/\/hbg-koeln.de\/index.php?rest_route=\/wp\/v2\/posts\/10392\/revisions"}],"predecessor-version":[{"id":10394,"href":"https:\/\/hbg-koeln.de\/index.php?rest_route=\/wp\/v2\/posts\/10392\/revisions\/10394"}],"wp:attachment":[{"href":"https:\/\/hbg-koeln.de\/index.php?rest_route=%2Fwp%2Fv2%2Fmedia&parent=10392"}],"wp:term":[{"taxonomy":"category","embeddable":true,"href":"https:\/\/hbg-koeln.de\/index.php?rest_route=%2Fwp%2Fv2%2Fcategories&post=10392"},{"taxonomy":"post_tag","embeddable":true,"href":"https:\/\/hbg-koeln.de\/index.php?rest_route=%2Fwp%2Fv2%2Ftags&post=10392"}],"curies":[{"name":"wp","href":"https:\/\/api.w.org\/{rel}","templated":true}]}}