{"id":10414,"date":"2024-10-01T07:43:29","date_gmt":"2024-10-01T06:43:29","guid":{"rendered":"https:\/\/hbg-koeln.de\/?p=10414"},"modified":"2024-10-02T12:15:36","modified_gmt":"2024-10-02T11:15:36","slug":"hbg-laeuft-beim-bickendorfer-buedchenlauf-2024","status":"publish","type":"post","link":"https:\/\/hbg-koeln.de\/?p=10414","title":{"rendered":"<b>HBG l\u00e4uft! beim Bickendorfer B\u00fcdchenlauf 2024<\/b>"},"content":{"rendered":"<p><a href=\"http:\/\/hbg-koeln.de\/wp-content\/uploads\/2024\/10\/Foto-Bickendorfer-Buedchenlauf-2024-6.8.jpg\"><img loading=\"lazy\" decoding=\"async\" class=\"alignleft wp-image-10415\" src=\"http:\/\/hbg-koeln.de\/wp-content\/uploads\/2024\/10\/Foto-Bickendorfer-Buedchenlauf-2024-6.8-300x279.jpg\" alt=\"\" width=\"152\" height=\"141\" srcset=\"https:\/\/hbg-koeln.de\/wp-content\/uploads\/2024\/10\/Foto-Bickendorfer-Buedchenlauf-2024-6.8-300x279.jpg 300w, https:\/\/hbg-koeln.de\/wp-content\/uploads\/2024\/10\/Foto-Bickendorfer-Buedchenlauf-2024-6.8-1024x952.jpg 1024w, https:\/\/hbg-koeln.de\/wp-content\/uploads\/2024\/10\/Foto-Bickendorfer-Buedchenlauf-2024-6.8-768x714.jpg 768w, https:\/\/hbg-koeln.de\/wp-content\/uploads\/2024\/10\/Foto-Bickendorfer-Buedchenlauf-2024-6.8-1536x1428.jpg 1536w, https:\/\/hbg-koeln.de\/wp-content\/uploads\/2024\/10\/Foto-Bickendorfer-Buedchenlauf-2024-6.8.jpg 1784w\" sizes=\"auto, (max-width: 152px) 100vw, 152px\" \/><\/a> Am 29.9.2024 trafen sich 52 Sch\u00fcler:innen aus der 5.8, der 6.8 und der 7.8 beim Bickendorfer B\u00fcdchenlauf und gingen um 10:00Uhr beim 2,5km-Sch\u00fcler:innen-Lauf an den Start. Der Veedelslauf durch Bickendorf schaffte es auch in diesem Jahr, eine tolle Laufatmosph\u00e4re zu erzeugen. Viele Eltern begleiteten ihre Kinder und feuerten von der Strecke aus an. Strahlender Sonnenschein lieferte das T\u00fcpfchen auf dem \u201ei\u201c und machte die sportliche Aktion der Sportklassen zu einem gelungenen Event!<a href=\"http:\/\/hbg-koeln.de\/wp-content\/uploads\/2024\/10\/Foto-Bickendorfer-Buedchenlauf-2024-7.8-scaled.jpg\"><img loading=\"lazy\" decoding=\"async\" class=\"alignleft wp-image-10416\" src=\"http:\/\/hbg-koeln.de\/wp-content\/uploads\/2024\/10\/Foto-Bickendorfer-Buedchenlauf-2024-7.8-300x130.jpg\" alt=\"\" width=\"171\" height=\"74\" srcset=\"https:\/\/hbg-koeln.de\/wp-content\/uploads\/2024\/10\/Foto-Bickendorfer-Buedchenlauf-2024-7.8-300x130.jpg 300w, https:\/\/hbg-koeln.de\/wp-content\/uploads\/2024\/10\/Foto-Bickendorfer-Buedchenlauf-2024-7.8-1024x443.jpg 1024w, https:\/\/hbg-koeln.de\/wp-content\/uploads\/2024\/10\/Foto-Bickendorfer-Buedchenlauf-2024-7.8-768x332.jpg 768w, https:\/\/hbg-koeln.de\/wp-content\/uploads\/2024\/10\/Foto-Bickendorfer-Buedchenlauf-2024-7.8-1536x664.jpg 1536w, https:\/\/hbg-koeln.de\/wp-content\/uploads\/2024\/10\/Foto-Bickendorfer-Buedchenlauf-2024-7.8-2048x886.jpg 2048w\" sizes=\"auto, (max-width: 171px) 100vw, 171px\" \/><\/a><\/p>\n<p>Besonders hervorzuheben sind:<br \/>\nU 14 w 2. Platz Sinem K\u00fcc\u00fck (10:45)<br \/>\nU14 m 1. Platz Muhammed Karadag (10:10)<br \/>\nU14 m 2. Platz Timo Seifert (10:29)<br \/>\nU14 m 3. Platz Marley Vogel (11:00)<a href=\"http:\/\/hbg-koeln.de\/wp-content\/uploads\/2024\/10\/Foto-Bickendorfer-Buedchenlauf-2024-5.8.jpg\"><img loading=\"lazy\" decoding=\"async\" class=\"alignleft wp-image-10417\" src=\"http:\/\/hbg-koeln.de\/wp-content\/uploads\/2024\/10\/Foto-Bickendorfer-Buedchenlauf-2024-5.8-300x167.jpg\" alt=\"\" width=\"165\" height=\"92\" srcset=\"https:\/\/hbg-koeln.de\/wp-content\/uploads\/2024\/10\/Foto-Bickendorfer-Buedchenlauf-2024-5.8-300x167.jpg 300w, https:\/\/hbg-koeln.de\/wp-content\/uploads\/2024\/10\/Foto-Bickendorfer-Buedchenlauf-2024-5.8-1024x569.jpg 1024w, https:\/\/hbg-koeln.de\/wp-content\/uploads\/2024\/10\/Foto-Bickendorfer-Buedchenlauf-2024-5.8-768x426.jpg 768w, https:\/\/hbg-koeln.de\/wp-content\/uploads\/2024\/10\/Foto-Bickendorfer-Buedchenlauf-2024-5.8-1536x853.jpg 1536w, https:\/\/hbg-koeln.de\/wp-content\/uploads\/2024\/10\/Foto-Bickendorfer-Buedchenlauf-2024-5.8.jpg 1657w\" sizes=\"auto, (max-width: 165px) 100vw, 165px\" \/><\/a><\/p>\n","protected":false},"excerpt":{"rendered":"<p>Am 29.9.2024 trafen sich 52 Sch\u00fcler:innen aus der 5.8, der 6.8 und der 7.8 beim Bickendorfer B\u00fcdchenlauf und gingen um 10:00Uhr beim 2,5km-Sch\u00fcler:innen-Lauf an den Start. Der Veedelslauf durch Bickendorf schaffte es auch in diesem Jahr,<a class=\"moretag\" href=\"https:\/\/hbg-koeln.de\/?p=10414\">Read More&#8230;<\/a><\/p>\n","protected":false},"author":11,"featured_media":0,"comment_status":"closed","ping_status":"open","sticky":false,"template":"","format":"standard","meta":{"ngg_post_thumbnail":0,"footnotes":""},"categories":[1],"tags":[],"class_list":["post-10414","post","type-post","status-publish","format-standard","hentry","category-allgemein"],"_links":{"self":[{"href":"https:\/\/hbg-koeln.de\/index.php?rest_route=\/wp\/v2\/posts\/10414","targetHints":{"allow":["GET"]}}],"collection":[{"href":"https:\/\/hbg-koeln.de\/index.php?rest_route=\/wp\/v2\/posts"}],"about":[{"href":"https:\/\/hbg-koeln.de\/index.php?rest_route=\/wp\/v2\/types\/post"}],"author":[{"embeddable":true,"href":"https:\/\/hbg-koeln.de\/index.php?rest_route=\/wp\/v2\/users\/11"}],"replies":[{"embeddable":true,"href":"https:\/\/hbg-koeln.de\/index.php?rest_route=%2Fwp%2Fv2%2Fcomments&post=10414"}],"version-history":[{"count":2,"href":"https:\/\/hbg-koeln.de\/index.php?rest_route=\/wp\/v2\/posts\/10414\/revisions"}],"predecessor-version":[{"id":10422,"href":"https:\/\/hbg-koeln.de\/index.php?rest_route=\/wp\/v2\/posts\/10414\/revisions\/10422"}],"wp:attachment":[{"href":"https:\/\/hbg-koeln.de\/index.php?rest_route=%2Fwp%2Fv2%2Fmedia&parent=10414"}],"wp:term":[{"taxonomy":"category","embeddable":true,"href":"https:\/\/hbg-koeln.de\/index.php?rest_route=%2Fwp%2Fv2%2Fcategories&post=10414"},{"taxonomy":"post_tag","embeddable":true,"href":"https:\/\/hbg-koeln.de\/index.php?rest_route=%2Fwp%2Fv2%2Ftags&post=10414"}],"curies":[{"name":"wp","href":"https:\/\/api.w.org\/{rel}","templated":true}]}}