{"id":1057,"date":"2012-12-11T17:35:14","date_gmt":"2012-12-11T15:35:14","guid":{"rendered":"http:\/\/hbg-koeln.de\/?p=1057"},"modified":"2013-02-19T21:22:48","modified_gmt":"2013-02-19T19:22:48","slug":"nachlese-zum-tag-der-offenen-tur","status":"publish","type":"post","link":"https:\/\/hbg-koeln.de\/?p=1057","title":{"rendered":"Nachlese zum Tag der offenen T\u00fcr"},"content":{"rendered":"<h2 lang=\"de-DE\"><a class=\"shutterset_\" title=\"\" href=\"http:\/\/hbg-koeln.de\/wp-content\/gallery\/2012-artikel\/tagdot.jpg\"><img decoding=\"async\" class=\"ngg-singlepic ngg-left\" src=\"http:\/\/hbg-koeln.de\/wp-content\/gallery\/2012-artikel\/thumbs\/thumbs_tagdot.jpg\" alt=\"tagdot\" \/><\/a><\/h2>\n<h2 lang=\"de-DE\"><span style=\"color: #000000;\"><span style=\"font-family: Calibri,sans-serif;\"><span style=\"font-size: small;\"><span style=\"font-family: Arial,sans-serif;\"><span style=\"font-size: medium;\">Nachlese zum Tag der offenen T\u00fcr<\/span><\/span><\/span><\/span><\/span><\/h2>\nngg_shortcode_0_placeholder\n<p>Wie jedes Jahr \u00f6ffnete die Heinrich B\u00f6ll-Gesamtschule Anfang Dezember ihre Pforten f\u00fcr interessierte Eltern und Viertkl\u00e4ssler, die sich in K\u00fcrze f\u00fcr eine weiterf\u00fchrende Schule entscheiden m\u00fcssen. Bereits eine halbe Stunde vor Beginn dr\u00e4ngten sich die Besucher, um sich m\u00f6glichst fr\u00fch f\u00fcr die Hospitationen in Unterrichtsstunden oder eine der zahlreichen F\u00fchrungen vormerken zu lassen.<\/p>\n<p>In den zahlreichen Unterrichtsstunden zu verschiedenen F\u00e4chern konnten die G\u00e4ste einen Eindruck davon gewinnen, wie an unserer Gesamtschule gelehrt und gelernt wird. Bei den F\u00fchrungen durch den Schulleiter und weitere Schulleitungsmitglieder verschafften sich die Besucher einen \u00dcberblick \u00fcber das Raumangebot sowohl in den Klassenr\u00e4umen als auch den Fachr\u00e4umen der Schule. Selbstverst\u00e4ndlich konnten bei dieser Gelegenheit auch Fragen gestellt werden.<\/p>\n<p>Wer sich dar\u00fcber hinaus Zeit nehmen wollte, sich \u00fcber weitere Details zu den F\u00e4chern, den Lernformen oder dem Freizeitangebot zu informieren, dem standen im P\u00e4dagogischen Zentrum und im Freizeitzentrum Lehrerinnen und Lehrer, die Sozialp\u00e4dagoginnen, Eltern und Sch\u00fcler Rede und Antwort. Au\u00dferdem sorgten unsere engagierten Eltern beispielsweise von der B\u00f6ll-Oase, der Garten AG, die Mitarbeiterinnen des Sekretariats, der Bibliothek und viele mehr f\u00fcr einen abgerundeten und atmosph\u00e4risch gelungenen Eindruck des Miteinanders an unserer Schule.<\/p>\n<p>Wir m\u00f6chten uns auf diesem Wege bei allen Aktiven herzlich f\u00fcr ihren Einsatz am Tag der offenen T\u00fcr bedanken und hoffen, dass wir den Besuchern eine Entscheidungshilfe m\u00f6glichst zugunsten unser Heinrich-B\u00f6ll-Gesamtschule bieten konnten. Wir bedanken uns f\u00fcr Ihren Besuch und ihr Interesse an unserer Schule.<\/p>\n<p>Unsere Anmeldezeiten finden Sie auf der Homepage der Schule.<\/p>\n","protected":false},"excerpt":{"rendered":"<p>Nachlese zum Tag der offenen T\u00fcr Wie jedes Jahr \u00f6ffnete die Heinrich B\u00f6ll-Gesamtschule Anfang Dezember ihre Pforten f\u00fcr interessierte Eltern und Viertkl\u00e4ssler, die sich in K\u00fcrze f\u00fcr eine weiterf\u00fchrende Schule entscheiden m\u00fcssen. Bereits eine halbe Stunde<a class=\"moretag\" href=\"https:\/\/hbg-koeln.de\/?p=1057\">Read More&#8230;<\/a><\/p>\n","protected":false},"author":11,"featured_media":0,"comment_status":"closed","ping_status":"open","sticky":false,"template":"","format":"standard","meta":{"ngg_post_thumbnail":0,"footnotes":""},"categories":[1],"tags":[],"class_list":["post-1057","post","type-post","status-publish","format-standard","hentry","category-allgemein"],"_links":{"self":[{"href":"https:\/\/hbg-koeln.de\/index.php?rest_route=\/wp\/v2\/posts\/1057","targetHints":{"allow":["GET"]}}],"collection":[{"href":"https:\/\/hbg-koeln.de\/index.php?rest_route=\/wp\/v2\/posts"}],"about":[{"href":"https:\/\/hbg-koeln.de\/index.php?rest_route=\/wp\/v2\/types\/post"}],"author":[{"embeddable":true,"href":"https:\/\/hbg-koeln.de\/index.php?rest_route=\/wp\/v2\/users\/11"}],"replies":[{"embeddable":true,"href":"https:\/\/hbg-koeln.de\/index.php?rest_route=%2Fwp%2Fv2%2Fcomments&post=1057"}],"version-history":[{"count":20,"href":"https:\/\/hbg-koeln.de\/index.php?rest_route=\/wp\/v2\/posts\/1057\/revisions"}],"predecessor-version":[{"id":1070,"href":"https:\/\/hbg-koeln.de\/index.php?rest_route=\/wp\/v2\/posts\/1057\/revisions\/1070"}],"wp:attachment":[{"href":"https:\/\/hbg-koeln.de\/index.php?rest_route=%2Fwp%2Fv2%2Fmedia&parent=1057"}],"wp:term":[{"taxonomy":"category","embeddable":true,"href":"https:\/\/hbg-koeln.de\/index.php?rest_route=%2Fwp%2Fv2%2Fcategories&post=1057"},{"taxonomy":"post_tag","embeddable":true,"href":"https:\/\/hbg-koeln.de\/index.php?rest_route=%2Fwp%2Fv2%2Ftags&post=1057"}],"curies":[{"name":"wp","href":"https:\/\/api.w.org\/{rel}","templated":true}]}}