{"id":10617,"date":"2025-02-20T08:39:55","date_gmt":"2025-02-20T07:39:55","guid":{"rendered":"https:\/\/hbg-koeln.de\/?p=10617"},"modified":"2025-02-20T08:39:55","modified_gmt":"2025-02-20T07:39:55","slug":"kvb-streik-am-fr-21-02-2025","status":"publish","type":"post","link":"https:\/\/hbg-koeln.de\/?p=10617","title":{"rendered":"<b>KVB-Streik am Fr, 21.02.2025<\/b>"},"content":{"rendered":"<p>Liebes Kollegium, liebe Besch\u00e4ftigte, liebe Eltern, liebe Sch\u00fclerinnen und Sch\u00fcler,<br \/>\nstellen Sie und stellt euch bitte darauf ein, dass am Freitag, 21.2.25 Busse und Bahnen aufgrund eines Streiks nicht fahren werden. Der Unterricht findet wie gewohnt nach Plan statt.<br \/>\nViele Gr\u00fc\u00dfe &#8211; Rolf Grisard (Schulleiter)<\/p>\n","protected":false},"excerpt":{"rendered":"<p>Liebes Kollegium, liebe Besch\u00e4ftigte, liebe Eltern, liebe Sch\u00fclerinnen und Sch\u00fcler, stellen Sie und stellt euch bitte darauf ein, dass am Freitag, 21.2.25 Busse und Bahnen aufgrund eines Streiks nicht fahren werden. Der Unterricht findet wie gewohnt<a class=\"moretag\" href=\"https:\/\/hbg-koeln.de\/?p=10617\">Read More&#8230;<\/a><\/p>\n","protected":false},"author":9,"featured_media":0,"comment_status":"closed","ping_status":"open","sticky":false,"template":"","format":"standard","meta":{"ngg_post_thumbnail":0,"footnotes":""},"categories":[1],"tags":[],"class_list":["post-10617","post","type-post","status-publish","format-standard","hentry","category-allgemein"],"_links":{"self":[{"href":"https:\/\/hbg-koeln.de\/index.php?rest_route=\/wp\/v2\/posts\/10617","targetHints":{"allow":["GET"]}}],"collection":[{"href":"https:\/\/hbg-koeln.de\/index.php?rest_route=\/wp\/v2\/posts"}],"about":[{"href":"https:\/\/hbg-koeln.de\/index.php?rest_route=\/wp\/v2\/types\/post"}],"author":[{"embeddable":true,"href":"https:\/\/hbg-koeln.de\/index.php?rest_route=\/wp\/v2\/users\/9"}],"replies":[{"embeddable":true,"href":"https:\/\/hbg-koeln.de\/index.php?rest_route=%2Fwp%2Fv2%2Fcomments&post=10617"}],"version-history":[{"count":1,"href":"https:\/\/hbg-koeln.de\/index.php?rest_route=\/wp\/v2\/posts\/10617\/revisions"}],"predecessor-version":[{"id":10618,"href":"https:\/\/hbg-koeln.de\/index.php?rest_route=\/wp\/v2\/posts\/10617\/revisions\/10618"}],"wp:attachment":[{"href":"https:\/\/hbg-koeln.de\/index.php?rest_route=%2Fwp%2Fv2%2Fmedia&parent=10617"}],"wp:term":[{"taxonomy":"category","embeddable":true,"href":"https:\/\/hbg-koeln.de\/index.php?rest_route=%2Fwp%2Fv2%2Fcategories&post=10617"},{"taxonomy":"post_tag","embeddable":true,"href":"https:\/\/hbg-koeln.de\/index.php?rest_route=%2Fwp%2Fv2%2Ftags&post=10617"}],"curies":[{"name":"wp","href":"https:\/\/api.w.org\/{rel}","templated":true}]}}