{"id":10804,"date":"2025-07-04T12:35:32","date_gmt":"2025-07-04T11:35:32","guid":{"rendered":"https:\/\/hbg-koeln.de\/?p=10804"},"modified":"2025-07-04T12:35:32","modified_gmt":"2025-07-04T11:35:32","slug":"hbg-radsportteam-qualifiziert-sich-fuer-die-deutschen-mountainbike-meisterschaften","status":"publish","type":"post","link":"https:\/\/hbg-koeln.de\/?p=10804","title":{"rendered":"<b>HBG Radsportteam qualifiziert sich f\u00fcr die Deutschen Mountainbike Meisterschaften<\/b>"},"content":{"rendered":"<p class=\"p1\">Nachdem unser Jungenteam vor einigen Wochen mit dem vierten Platz bei den NRW Mountainbike Meisterschaften aufhorchen konnte, erreichte uns die Mitteilung, dass wir nun auch f\u00fcr die Deutschen Meisterschaften Ende September in R\u00f6dinghausen startberechtigt sind. Ein gro\u00dfer Erfolg f\u00fcr das noch junge Team der HBG. Nun gilt es sich unter anderem in den Sommerferien hinreichend auf den zweit\u00e4gigen Wettkampf vorzubereiten, um ein gutes Ergebnis gegen\u00fcber den besten Teams aus Deutschland zu erzielen. Wir halten Euch auf dem Laufenden.<\/p>\n","protected":false},"excerpt":{"rendered":"<p>Nachdem unser Jungenteam vor einigen Wochen mit dem vierten Platz bei den NRW Mountainbike Meisterschaften aufhorchen konnte, erreichte uns die Mitteilung, dass wir nun auch f\u00fcr die Deutschen Meisterschaften Ende September in R\u00f6dinghausen startberechtigt sind. Ein<a class=\"moretag\" href=\"https:\/\/hbg-koeln.de\/?p=10804\">Read More&#8230;<\/a><\/p>\n","protected":false},"author":11,"featured_media":0,"comment_status":"closed","ping_status":"open","sticky":false,"template":"","format":"standard","meta":{"ngg_post_thumbnail":0,"footnotes":""},"categories":[1],"tags":[],"class_list":["post-10804","post","type-post","status-publish","format-standard","hentry","category-allgemein"],"_links":{"self":[{"href":"https:\/\/hbg-koeln.de\/index.php?rest_route=\/wp\/v2\/posts\/10804","targetHints":{"allow":["GET"]}}],"collection":[{"href":"https:\/\/hbg-koeln.de\/index.php?rest_route=\/wp\/v2\/posts"}],"about":[{"href":"https:\/\/hbg-koeln.de\/index.php?rest_route=\/wp\/v2\/types\/post"}],"author":[{"embeddable":true,"href":"https:\/\/hbg-koeln.de\/index.php?rest_route=\/wp\/v2\/users\/11"}],"replies":[{"embeddable":true,"href":"https:\/\/hbg-koeln.de\/index.php?rest_route=%2Fwp%2Fv2%2Fcomments&post=10804"}],"version-history":[{"count":1,"href":"https:\/\/hbg-koeln.de\/index.php?rest_route=\/wp\/v2\/posts\/10804\/revisions"}],"predecessor-version":[{"id":10805,"href":"https:\/\/hbg-koeln.de\/index.php?rest_route=\/wp\/v2\/posts\/10804\/revisions\/10805"}],"wp:attachment":[{"href":"https:\/\/hbg-koeln.de\/index.php?rest_route=%2Fwp%2Fv2%2Fmedia&parent=10804"}],"wp:term":[{"taxonomy":"category","embeddable":true,"href":"https:\/\/hbg-koeln.de\/index.php?rest_route=%2Fwp%2Fv2%2Fcategories&post=10804"},{"taxonomy":"post_tag","embeddable":true,"href":"https:\/\/hbg-koeln.de\/index.php?rest_route=%2Fwp%2Fv2%2Ftags&post=10804"}],"curies":[{"name":"wp","href":"https:\/\/api.w.org\/{rel}","templated":true}]}}