{"id":10849,"date":"2025-09-10T20:20:50","date_gmt":"2025-09-10T19:20:50","guid":{"rendered":"https:\/\/hbg-koeln.de\/?p=10849"},"modified":"2025-09-10T20:20:50","modified_gmt":"2025-09-10T19:20:50","slug":"demokratie-talk-mit-frau-oberbuergermeisterin-henriette-reker-an-der-hbg","status":"publish","type":"post","link":"https:\/\/hbg-koeln.de\/?p=10849","title":{"rendered":"<b>Demokratie-Talk mit Frau Oberb\u00fcrgermeisterin Henriette Reker an der HBG<\/b>"},"content":{"rendered":"<p><a href=\"http:\/\/hbg-koeln.de\/wp-content\/uploads\/2025\/09\/IMG_1495.jpeg\"><img loading=\"lazy\" decoding=\"async\" class=\"alignleft  wp-image-10850\" src=\"http:\/\/hbg-koeln.de\/wp-content\/uploads\/2025\/09\/IMG_1495-225x300.jpeg\" alt=\"\" width=\"128\" height=\"171\" srcset=\"https:\/\/hbg-koeln.de\/wp-content\/uploads\/2025\/09\/IMG_1495-225x300.jpeg 225w, https:\/\/hbg-koeln.de\/wp-content\/uploads\/2025\/09\/IMG_1495-768x1024.jpeg 768w, https:\/\/hbg-koeln.de\/wp-content\/uploads\/2025\/09\/IMG_1495-1152x1536.jpeg 1152w, https:\/\/hbg-koeln.de\/wp-content\/uploads\/2025\/09\/IMG_1495.jpeg 1247w\" sizes=\"auto, (max-width: 128px) 100vw, 128px\" \/><\/a>Am Mittwoch, den 10. September, erwartete die Oberstufe ein Polit-Talk der ganz besonderen Art. Bereits im letzten Schuljahr hatte der Projektkurs \u201e\u00c4ndern leben\u201c begonnen, einen Demokratie-Talk mit Frau Reker zu entwickeln.<\/p>\n<p>Heraus kam ein einst\u00fcndiges Format, in dem nicht nur die Moderator*innen Luis Pusch, Leyla Celikaslan und Lucie Voisin in einem reinen Frage-Antwort-Spiel Frau Reker Informationen entlocken wollten, sondern auch weitere Sch\u00fcler*innen der jetzigen Q2 zu Themenbl\u00f6cken, wie etwa \u201ePartizipation und Kommunalpolitik\u201c oder \u201edie Herausforderungen und Kompetenzen einer Oberb\u00fcrgermeisterin\u201c, mit Frau Reker pers\u00f6nlich ins Gespr\u00e4ch kamen. Weiterhin gab es neben dem sogenannten Hotseat eine offene Fragerunde, in der die Sch\u00fcler*innen aus dem Plenum heraus ihre Fragen loswerden konnten. Ziel der Veranstaltung war es, relevante lokale Themen zu erkennen und zu diskutieren, so dass das Interesse an der Kommunalpolitik geweckt und ein Verst\u00e4ndnis dieser gef\u00f6rdert wird.<\/p>\n<p>Die von dem Team professionell vorbereitete und durchgef\u00fchrte Diskussion endete mit einem Blick in die Zukunft K\u00f6lns, in dem deutlich wurde, welche Themen die jungen Erwachsenen besonders besch\u00e4ftigte; dazu geh\u00f6rten u.a. der Schulneubau sowie die angespannte Situation mit der KVB.<\/p>\n<p>Frau Reker machte immer wieder deutlich, wie wichtig die Beteiligung und die Ausbildung junger Menschen sei und zeigte M\u00f6glichkeiten auf, wie jene sich partizipatorisch in K\u00f6ln einbringen k\u00f6nnen. Am Ende rief sie des Weiteren dazu auf, die eigene Stimme zu nutzen.<\/p>\n<p>Auch Leyla Celikaslan endete mit \u00e4hnlichen Worten und mahnte, \u201eweise\u201c zu w\u00e4hlen.<\/p>\n<p>Wir bedanken uns bei Frau Reker f\u00fcr das Gespr\u00e4ch und ihre Zeit.<\/p>\n<p>Der Projektkurs \u201e\u00c4ndern leben\u201c des Schuljahres 2024\/25<\/p>\n","protected":false},"excerpt":{"rendered":"<p>Am Mittwoch, den 10. September, erwartete die Oberstufe ein Polit-Talk der ganz besonderen Art. Bereits im letzten Schuljahr hatte der Projektkurs \u201e\u00c4ndern leben\u201c begonnen, einen Demokratie-Talk mit Frau Reker zu entwickeln. Heraus kam ein einst\u00fcndiges Format,<a class=\"moretag\" href=\"https:\/\/hbg-koeln.de\/?p=10849\">Read More&#8230;<\/a><\/p>\n","protected":false},"author":11,"featured_media":0,"comment_status":"closed","ping_status":"open","sticky":false,"template":"","format":"standard","meta":{"ngg_post_thumbnail":0,"footnotes":""},"categories":[1],"tags":[],"class_list":["post-10849","post","type-post","status-publish","format-standard","hentry","category-allgemein"],"_links":{"self":[{"href":"https:\/\/hbg-koeln.de\/index.php?rest_route=\/wp\/v2\/posts\/10849","targetHints":{"allow":["GET"]}}],"collection":[{"href":"https:\/\/hbg-koeln.de\/index.php?rest_route=\/wp\/v2\/posts"}],"about":[{"href":"https:\/\/hbg-koeln.de\/index.php?rest_route=\/wp\/v2\/types\/post"}],"author":[{"embeddable":true,"href":"https:\/\/hbg-koeln.de\/index.php?rest_route=\/wp\/v2\/users\/11"}],"replies":[{"embeddable":true,"href":"https:\/\/hbg-koeln.de\/index.php?rest_route=%2Fwp%2Fv2%2Fcomments&post=10849"}],"version-history":[{"count":1,"href":"https:\/\/hbg-koeln.de\/index.php?rest_route=\/wp\/v2\/posts\/10849\/revisions"}],"predecessor-version":[{"id":10851,"href":"https:\/\/hbg-koeln.de\/index.php?rest_route=\/wp\/v2\/posts\/10849\/revisions\/10851"}],"wp:attachment":[{"href":"https:\/\/hbg-koeln.de\/index.php?rest_route=%2Fwp%2Fv2%2Fmedia&parent=10849"}],"wp:term":[{"taxonomy":"category","embeddable":true,"href":"https:\/\/hbg-koeln.de\/index.php?rest_route=%2Fwp%2Fv2%2Fcategories&post=10849"},{"taxonomy":"post_tag","embeddable":true,"href":"https:\/\/hbg-koeln.de\/index.php?rest_route=%2Fwp%2Fv2%2Ftags&post=10849"}],"curies":[{"name":"wp","href":"https:\/\/api.w.org\/{rel}","templated":true}]}}