{"id":1087,"date":"2012-12-18T20:57:06","date_gmt":"2012-12-18T18:57:06","guid":{"rendered":"http:\/\/hbg-koeln.de\/?p=1087"},"modified":"2013-02-19T20:54:27","modified_gmt":"2013-02-19T18:54:27","slug":"hbg-qualifiziert-fur-das-landesfinale-geratturnen","status":"publish","type":"post","link":"https:\/\/hbg-koeln.de\/?p=1087","title":{"rendered":"HBG qualifiziert f\u00fcr das Landesfinale Ger\u00e4tturnen"},"content":{"rendered":"<h2 align=\"JUSTIFY\">HBG qualifiziert f\u00fcr das Landesfinale Ger\u00e4tturnen<\/h2>\n<p align=\"JUSTIFY\"><span style=\"font-family: Arial,serif;\">Das Schuljahr hat kaum begonnen und schon mussten die Turner der Heinrich-B\u00f6ll-Gesamtschule bei den Regierungsbezirksmeisterschaften antreten. <\/span><\/p>\nngg_shortcode_0_placeholder\n<p><span style=\"font-family: Arial,serif;\">von li. nach re. sitzend: Ali \u00d6zbek (5.2), Adrian Schiefke (7.7), Nermin Bajramovic (5.2), Eren Saglam (5.2) Hinten: Laura Bischoff (7.7), Natali Freitag (7.7), Friederike Effer (8.6)<\/span><\/p>\n<p align=\"JUSTIFY\">\u00a0<span style=\"font-family: Arial,serif;\">Die Vorbereitung auf diesen Wettkampf gestaltete sich nicht ganz so einfach, denn durch Feiertage, Krankheitswellen, Verletzungen und den vorzeitigen Ausfall von Frau Weidner, die wir schmerzlich vermissen, konnte das vorgesehene Programm nicht ganz wie geplant absolviert werden.<\/span><\/p>\n<p align=\"JUSTIFY\"><span style=\"font-family: Arial,serif;\">So reiste Herr Wiedemann am 5.12. 2012 &#8211; statt mit geplanten 2 Mannschaften &#8211; mit einer Jungenmannschaft nach K\u00f6ln-Bickendorf. Diese war jedoch sehr motiviert und \u00e4u\u00dferst diszipliniert. An 3 Ger\u00e4tebahnen mussten \u00dcbungen an Reck, Schwebebalken, Parallelbarren, Bock und Boden bew\u00e4ltigt werden. Es musste das Tau hochgeklettert, Standweitspr\u00fcnge absolviert und eine Pendelstaffel gezeigt werden. Die Besonderheit bei diesem Wettkampf stellen jedoch das Synchron- und Parallelturnen dar. Alle 5 Mannschaftsmitglieder m\u00fcssen je 8 Hockwenden \u00fcber Turnb\u00e4nke synchron ausf\u00fchren und je 4 Rollen vorw\u00e4rts, ebenfalls synchron. Beim Parallelturnen m\u00fcssen 2 Zweier-Teams der 5 Mannschaftsmitglieder mindestens 3 Elemente parallel und synchron, auf 2 Bodenbahnen nebeneinander, turnen. Alle Anforderungen wurden wirklich gut bew\u00e4ltigt und manch einer \u00fcberraschte mit einer nicht erwarteten H\u00f6chstleistung.<\/span><\/p>\n<p align=\"JUSTIFY\"><span style=\"font-family: Arial,serif;\">Mit aufgetanktem Selbstbewusstsein und gl\u00fccklichen Gesichtern nahmen die Sch\u00fclerinnen und Sch\u00fcler die Urkunde bei der Siegerehrung in Empfang. Die Qualifikation f\u00fcr das Landesfinale am 24.1.2013 in der Tasche! Herzlichen Gl\u00fcckwunsch!<\/span><\/p>\n<p align=\"JUSTIFY\"><span style=\"font-family: Arial,serif;\">An dieser Stelle noch einen gro\u00dfen Dank an die Sch\u00fclerhelfer Marie Spanier (8.5), Friederike Effer (8.6) und Laura Bischoff (7.7). Sie turnten im letzten Jahr noch selbst in der Schulmannschaft und unterst\u00fctzen den \u00dcbungsbetrieb nun aktiv, da sie altersgem\u00e4\u00df nicht mehr antreten d\u00fcrfen.<\/span><\/p>\n<p><span style=\"font-family: Arial,serif;\"> B. Dittmar<\/span><\/p>\n<p>&nbsp;<\/p>\n","protected":false},"excerpt":{"rendered":"<p>HBG qualifiziert f\u00fcr das Landesfinale Ger\u00e4tturnen Das Schuljahr hat kaum begonnen und schon mussten die Turner der Heinrich-B\u00f6ll-Gesamtschule bei den Regierungsbezirksmeisterschaften antreten. \u00a0 von li. nach re. sitzend: Ali \u00d6zbek (5.2), Adrian Schiefke (7.7), Nermin Bajramovic<a class=\"moretag\" href=\"https:\/\/hbg-koeln.de\/?p=1087\">Read More&#8230;<\/a><\/p>\n","protected":false},"author":11,"featured_media":0,"comment_status":"closed","ping_status":"open","sticky":false,"template":"","format":"standard","meta":{"ngg_post_thumbnail":0,"footnotes":""},"categories":[1],"tags":[],"class_list":["post-1087","post","type-post","status-publish","format-standard","hentry","category-allgemein"],"_links":{"self":[{"href":"https:\/\/hbg-koeln.de\/index.php?rest_route=\/wp\/v2\/posts\/1087","targetHints":{"allow":["GET"]}}],"collection":[{"href":"https:\/\/hbg-koeln.de\/index.php?rest_route=\/wp\/v2\/posts"}],"about":[{"href":"https:\/\/hbg-koeln.de\/index.php?rest_route=\/wp\/v2\/types\/post"}],"author":[{"embeddable":true,"href":"https:\/\/hbg-koeln.de\/index.php?rest_route=\/wp\/v2\/users\/11"}],"replies":[{"embeddable":true,"href":"https:\/\/hbg-koeln.de\/index.php?rest_route=%2Fwp%2Fv2%2Fcomments&post=1087"}],"version-history":[{"count":14,"href":"https:\/\/hbg-koeln.de\/index.php?rest_route=\/wp\/v2\/posts\/1087\/revisions"}],"predecessor-version":[{"id":1098,"href":"https:\/\/hbg-koeln.de\/index.php?rest_route=\/wp\/v2\/posts\/1087\/revisions\/1098"}],"wp:attachment":[{"href":"https:\/\/hbg-koeln.de\/index.php?rest_route=%2Fwp%2Fv2%2Fmedia&parent=1087"}],"wp:term":[{"taxonomy":"category","embeddable":true,"href":"https:\/\/hbg-koeln.de\/index.php?rest_route=%2Fwp%2Fv2%2Fcategories&post=1087"},{"taxonomy":"post_tag","embeddable":true,"href":"https:\/\/hbg-koeln.de\/index.php?rest_route=%2Fwp%2Fv2%2Ftags&post=1087"}],"curies":[{"name":"wp","href":"https:\/\/api.w.org\/{rel}","templated":true}]}}