{"id":10921,"date":"2025-09-30T15:39:46","date_gmt":"2025-09-30T14:39:46","guid":{"rendered":"https:\/\/hbg-koeln.de\/?p=10921"},"modified":"2025-09-30T15:40:48","modified_gmt":"2025-09-30T14:40:48","slug":"lyrik-schreibwerkstatt-mit-poetry-slammerin-tanasgol-sabbagh","status":"publish","type":"post","link":"https:\/\/hbg-koeln.de\/?p=10921","title":{"rendered":"<b>Lyrik-Schreibwerkstatt mit Poetry-Slammerin Tanasgol Sabbagh<\/b>"},"content":{"rendered":"<p><a href=\"http:\/\/hbg-koeln.de\/wp-content\/uploads\/2025\/09\/IMG_2399-scaled.jpeg\"><img loading=\"lazy\" decoding=\"async\" class=\"alignleft  wp-image-10923\" src=\"http:\/\/hbg-koeln.de\/wp-content\/uploads\/2025\/09\/IMG_2399-300x225.jpeg\" alt=\"\" width=\"127\" height=\"95\" srcset=\"https:\/\/hbg-koeln.de\/wp-content\/uploads\/2025\/09\/IMG_2399-300x225.jpeg 300w, https:\/\/hbg-koeln.de\/wp-content\/uploads\/2025\/09\/IMG_2399-1024x768.jpeg 1024w, https:\/\/hbg-koeln.de\/wp-content\/uploads\/2025\/09\/IMG_2399-768x576.jpeg 768w, https:\/\/hbg-koeln.de\/wp-content\/uploads\/2025\/09\/IMG_2399-1536x1152.jpeg 1536w, https:\/\/hbg-koeln.de\/wp-content\/uploads\/2025\/09\/IMG_2399-2048x1536.jpeg 2048w\" sizes=\"auto, (max-width: 127px) 100vw, 127px\" \/><\/a>Im Rahmen der Aktivit\u00e4ten des Buchclubs fand am Mittwoch, den 24.09. im FZ eine Lyrik-Schreibwerkstatt mit der Lyrikerin und Poetry-Slammerin Tanasgol Sabbagh statt. Teilgenommen haben daran 22 ausgew\u00e4hlte Sch\u00fcler:innen aus den Jahrg\u00e4ngen 6 bis 8, die sich f\u00fcr Gedichte und Balladen interessieren.<\/p>\n<p>In Kooperation mit dem Bundeswettbewerb lyrix, der es sich zur Aufgabe gemacht hat, junge Lyrik an Schulen zu f\u00f6rdern, konnten wir diese tolle Veranstaltung auf die Beine stellen.<!--moreWeiterlesen!--><\/p>\n<p>Begonnen hat der vierst\u00fcndige Workshop mit rhythmischen Wort- und Assoziationsspielen, wonach die Sch\u00fcler:innen als Vor\u00fcbung einen kurzen Text schrieben, der bestimmte Schlagworte enthalten sollte.<\/p>\n<p>Am Beispiel eines englischen Gedichts \u201eLife isn\u2019t frightening me at all\u201c, verfassten sie danach eigene Gedichte und Texte \u00fcber pers\u00f6nliche Sorgen, \u00c4ngste und ihre Strategien zu deren Bew\u00e4ltigung.<\/p>\n<p>Unter der Fragestellung \u201eWas sagt dein Name \u00fcber dich aus?\u201c befassten sie sich au\u00dferdem mit ihren eigenen Vornamen, deren Bedeutung und ihrer Identifikation mit der Namensgebung durch ihre Eltern oder Familien.<\/p>\n<p>Die dritte Sequenz der Schreibwerkstatt drehte sich um das Thema Widerspr\u00fcche: \u201eWelche widerspr\u00fcchlichen Meinungen in meiner Familie und welche widerspr\u00fcchlichen Stimmen in meinem Kopf wollen mir eigentlich die Welt erkl\u00e4ren? Wie finde ich in diesem Dschungel meinen eigenen Standpunkt?\u201c<\/p>\n<p>&nbsp;<\/p>\n<p>Vielen Dank an Tanasgol Sabbagh und Chris M\u00f6ller von lyrix f\u00fcr diesen rundum gelungenen Workshop! Es hat den Teilnehmer:innen gro\u00dfen Spa\u00df gemacht. Au\u00dferdem haben wir das \u201eOrte f\u00fcr Worte\u201c-Siegel bekommen. Somit ist die HBG nun Kooperationspartnerin von lyrix.<\/p>\n<p>&nbsp;<\/p>\n<p>Hier ein paar Ergebnisse, mit denen wir am Bundeswettbewerb teilnehmen werden, bei dem man Ver\u00f6ffentlichungen in B\u00fcchern oder sogar eine Reise nach Berlin gewinnen kann:<\/p>\n<p>&nbsp;<\/p>\n<p><strong>Zwischen N\u00e4he und Distanz (Xenia Hartung, 8.6)<\/strong><\/p>\n<p>&nbsp;<\/p>\n<p>Ein Tisch, gedeckt mit lautem Schweigen.<\/p>\n<p>Ein Lachen mischt sich in den Streit<\/p>\n<p>Man will sich st\u00e4ndig neu verneigen,<\/p>\n<p>doch tr\u00e4gt im Herzen altes Leid.<\/p>\n<p>&nbsp;<\/p>\n<p>Die Worte springen, scharf wie Messer,<\/p>\n<p>und trotzdem sucht man nach der Hand.<\/p>\n<p>Mal liebt man hei\u00df, mal k\u00e4lter, fester.<\/p>\n<p>Ein Band, das niemand je verstand.<\/p>\n<p>&nbsp;<\/p>\n<p>Man h\u00e4lt zusammen, wenn\u2019s zerbricht,<\/p>\n<p>doch bricht\u2019s oft auseinander auch.<\/p>\n<p>Im Dunkel leuchtet ein Gesicht,<\/p>\n<p>das W\u00e4rme tr\u00e4gt, trotz kaltem Hauch.<\/p>\n<p>&nbsp;<\/p>\n<p>So bleibt die Wahrheit stets verborgen.<\/p>\n<p>Familie ist ein widerspr\u00fcchliches Wort.<\/p>\n<p>Sie schenkt uns Wurzeln, Sorgen, Morgen<\/p>\n<p>Und zieht uns dennoch fort und fort.<\/p>\n<p>&nbsp;<\/p>\n<p>&nbsp;<\/p>\n<p><strong>Widerspr\u00fcche (Melina Komina, 8.6)<\/strong><\/p>\n<p>&nbsp;<\/p>\n<p>Mein Vater sagte<\/p>\n<p>&nbsp;&nbsp;&nbsp;&nbsp;&nbsp;&nbsp;&nbsp;&nbsp;&nbsp;&nbsp;&nbsp;&nbsp;&nbsp;&nbsp;&nbsp;&nbsp;&nbsp;&nbsp;&nbsp;&nbsp;&nbsp;&nbsp;&nbsp;&nbsp;&nbsp;&nbsp;&nbsp;&nbsp;&nbsp;&nbsp;&nbsp;&nbsp;&nbsp;&nbsp; Wenn du Kopftuch tr\u00e4gst, musst du sauber sein,<\/p>\n<p>&nbsp;&nbsp;&nbsp;&nbsp;&nbsp;&nbsp;&nbsp;&nbsp;&nbsp;&nbsp;&nbsp;&nbsp;&nbsp;&nbsp;&nbsp;&nbsp;&nbsp;&nbsp;&nbsp;&nbsp;&nbsp;&nbsp;&nbsp;&nbsp;&nbsp;&nbsp;&nbsp;&nbsp;&nbsp;&nbsp;&nbsp;&nbsp;&nbsp;&nbsp; aber du bist es nicht!<\/p>\n<p>&nbsp;<\/p>\n<p>Meine Mutter sagte<\/p>\n<p>&nbsp;&nbsp;&nbsp;&nbsp;&nbsp;&nbsp;&nbsp;&nbsp;&nbsp;&nbsp;&nbsp;&nbsp;&nbsp;&nbsp;&nbsp;&nbsp;&nbsp;&nbsp;&nbsp;&nbsp;&nbsp;&nbsp;&nbsp;&nbsp;&nbsp;&nbsp;&nbsp;&nbsp;&nbsp;&nbsp;&nbsp;&nbsp;&nbsp;&nbsp; In unserer Familie tr\u00e4gst du das Kopftuch nicht.<\/p>\n<p>&nbsp;&nbsp;&nbsp;&nbsp;&nbsp;&nbsp;&nbsp;&nbsp;&nbsp;&nbsp;&nbsp;&nbsp;&nbsp;&nbsp;&nbsp;&nbsp;&nbsp;&nbsp;&nbsp;&nbsp;&nbsp;&nbsp;&nbsp;&nbsp;&nbsp;&nbsp;&nbsp;&nbsp;&nbsp;&nbsp;&nbsp;&nbsp;&nbsp;&nbsp; Du blamierst uns!<\/p>\n<p>&nbsp;<\/p>\n<p>Mein Bruder sagte<\/p>\n<p>&nbsp;&nbsp;&nbsp;&nbsp;&nbsp;&nbsp;&nbsp;&nbsp;&nbsp;&nbsp;&nbsp;&nbsp;&nbsp;&nbsp;&nbsp;&nbsp;&nbsp;&nbsp;&nbsp;&nbsp;&nbsp;&nbsp;&nbsp;&nbsp;&nbsp;&nbsp;&nbsp;&nbsp;&nbsp;&nbsp;&nbsp;&nbsp;&nbsp;&nbsp; Du TEILZEIT-Muslim.<\/p>\n<p>&nbsp;<\/p>\n<p>Meine Oma sagte<\/p>\n<p>&nbsp;&nbsp;&nbsp;&nbsp;&nbsp;&nbsp;&nbsp;&nbsp;&nbsp;&nbsp;&nbsp;&nbsp;&nbsp;&nbsp;&nbsp;&nbsp;&nbsp;&nbsp;&nbsp;&nbsp;&nbsp;&nbsp;&nbsp;&nbsp;&nbsp;&nbsp;&nbsp;&nbsp;&nbsp;&nbsp;&nbsp;&nbsp;&nbsp;&nbsp; Wenn du das Kopftuch tragen willst,<\/p>\n<p>&nbsp;&nbsp;&nbsp;&nbsp;&nbsp;&nbsp;&nbsp;&nbsp;&nbsp;&nbsp;&nbsp;&nbsp;&nbsp;&nbsp;&nbsp;&nbsp;&nbsp;&nbsp;&nbsp;&nbsp;&nbsp;&nbsp;&nbsp;&nbsp;&nbsp;&nbsp;&nbsp;&nbsp;&nbsp;&nbsp;&nbsp;&nbsp;&nbsp;&nbsp; muss es aus dem Herzen kommen.<\/p>\n<p>&nbsp;&nbsp;&nbsp;&nbsp;&nbsp;&nbsp;&nbsp;&nbsp;&nbsp;&nbsp;&nbsp;&nbsp;&nbsp;&nbsp;&nbsp;&nbsp;&nbsp;&nbsp;&nbsp;&nbsp;&nbsp;&nbsp;&nbsp;&nbsp;&nbsp;&nbsp;&nbsp;&nbsp;&nbsp;&nbsp;&nbsp;&nbsp;&nbsp;&nbsp; Nicht aus deinem bl\u00f6den Kopf!<\/p>\n<p>&nbsp;<\/p>\n<p>&nbsp;<\/p>\n<p><strong>The child in me cries (Lilia Marie Perna, 8.3)<\/strong><\/p>\n<p>&nbsp;<\/p>\n<p>The dark alley on my way<\/p>\n<p>where people scream in pain,<\/p>\n<p>where people don\u2019t know<\/p>\n<p>where to go and where is home.<\/p>\n<p>&nbsp;<\/p>\n<p>Home is there where you go<\/p>\n<p>when you feel sad and alone,<\/p>\n<p>but when family is fighting<\/p>\n<p>and you almost start crying<\/p>\n<p>&nbsp;<\/p>\n<p>You won\u2019t go home.<\/p>\n<p>You won\u2019t know home.<\/p>\n<p>You will stay out<\/p>\n<p>and slowly fade out.<\/p>\n<p>&nbsp;<\/p>\n<p>And then you think<\/p>\n<p>Do I leave?<\/p>\n<p>Do I stay?<\/p>\n<p>Do you know what\u2019s in my BRAIN?<\/p>\n<p>Would you understand my pain?<\/p>\n<p>Would you cry if I die?<\/p>\n<p>Would you wave me goodbye?<\/p>\n<p>&nbsp;<\/p>\n<p>If a child gets neglected<\/p>\n<p>Would you say it doesn\u2019t affect?<\/p>\n<p>When they cry,<\/p>\n<p>would you try,<\/p>\n<p>would you try to make them shy?<\/p>\n<p>Make them shy, so they don\u2019t dare to cry?<\/p>\n<p>&nbsp;<\/p>\n<p>Yeah, you would, you would make shy.<\/p>\n<p>Make them shy, so they dare to cry.<\/p>\n<p>&nbsp;<\/p>\n<p>Don\u2019t you cry.<\/p>\n<p>It\u2019s allright.<\/p>\n<p>Don\u2019t you cry.<\/p>\n<p>You\u2019ll be fine.<\/p>\n<p>&nbsp;<\/p>\n<p>Then you hear, hear them say,<\/p>\n<p>Hear them say what\u2019s on their BRAIN.<\/p>\n<p>Do you understand my pain?<\/p>\n<p>Would you cry, would you try,<\/p>\n<p>try to make them die?<\/p>\n<p>Would you wave them goodbye<\/p>\n<p>if they die?<\/p>\n<p>&nbsp;<\/p>\n<p>And you hear them say:<\/p>\n<p>Don\u2019t be this, don\u2019t be that,<\/p>\n<p>don\u2019t you disrespect your dad!<\/p>\n<p>Don\u2019t be loud, that\u2019s too much!<\/p>\n<p>You\u2019re too much, can you shut up!<\/p>\n<p>&nbsp;<\/p>\n<p>Now you\u2019re great, now you\u2019re shy.<\/p>\n<p>Now you cry alone at night.<\/p>\n<p>Now you don\u2019t talk too much.<\/p>\n<p>So no one can get fed up.<\/p>\n","protected":false},"excerpt":{"rendered":"<p>Im Rahmen der Aktivit\u00e4ten des Buchclubs fand am Mittwoch, den 24.09. im FZ eine Lyrik-Schreibwerkstatt mit der Lyrikerin und Poetry-Slammerin Tanasgol Sabbagh statt. Teilgenommen haben daran 22 ausgew\u00e4hlte Sch\u00fcler:innen aus den Jahrg\u00e4ngen 6 bis 8, die<a class=\"moretag\" href=\"https:\/\/hbg-koeln.de\/?p=10921\">Read More&#8230;<\/a><\/p>\n","protected":false},"author":11,"featured_media":0,"comment_status":"closed","ping_status":"open","sticky":false,"template":"","format":"standard","meta":{"ngg_post_thumbnail":0,"footnotes":""},"categories":[1],"tags":[],"class_list":["post-10921","post","type-post","status-publish","format-standard","hentry","category-allgemein"],"_links":{"self":[{"href":"https:\/\/hbg-koeln.de\/index.php?rest_route=\/wp\/v2\/posts\/10921","targetHints":{"allow":["GET"]}}],"collection":[{"href":"https:\/\/hbg-koeln.de\/index.php?rest_route=\/wp\/v2\/posts"}],"about":[{"href":"https:\/\/hbg-koeln.de\/index.php?rest_route=\/wp\/v2\/types\/post"}],"author":[{"embeddable":true,"href":"https:\/\/hbg-koeln.de\/index.php?rest_route=\/wp\/v2\/users\/11"}],"replies":[{"embeddable":true,"href":"https:\/\/hbg-koeln.de\/index.php?rest_route=%2Fwp%2Fv2%2Fcomments&post=10921"}],"version-history":[{"count":3,"href":"https:\/\/hbg-koeln.de\/index.php?rest_route=\/wp\/v2\/posts\/10921\/revisions"}],"predecessor-version":[{"id":10925,"href":"https:\/\/hbg-koeln.de\/index.php?rest_route=\/wp\/v2\/posts\/10921\/revisions\/10925"}],"wp:attachment":[{"href":"https:\/\/hbg-koeln.de\/index.php?rest_route=%2Fwp%2Fv2%2Fmedia&parent=10921"}],"wp:term":[{"taxonomy":"category","embeddable":true,"href":"https:\/\/hbg-koeln.de\/index.php?rest_route=%2Fwp%2Fv2%2Fcategories&post=10921"},{"taxonomy":"post_tag","embeddable":true,"href":"https:\/\/hbg-koeln.de\/index.php?rest_route=%2Fwp%2Fv2%2Ftags&post=10921"}],"curies":[{"name":"wp","href":"https:\/\/api.w.org\/{rel}","templated":true}]}}