{"id":10957,"date":"2025-11-23T22:26:26","date_gmt":"2025-11-23T21:26:26","guid":{"rendered":"https:\/\/hbg-koeln.de\/?p=10957"},"modified":"2025-11-23T22:25:34","modified_gmt":"2025-11-23T21:25:34","slug":"10957","status":"publish","type":"post","link":"https:\/\/hbg-koeln.de\/?p=10957","title":{"rendered":"<b>Infos zur Anmeldung im Schuljahr 26\/27<\/b>"},"content":{"rendered":"<p>Am Samstag, 29.11.2025 findet von 9-13 Uhr unser Tag der Offenen T\u00fcr statt. Wir freuen uns auf Eltern und Sch\u00fclerinnen und Sch\u00fcler des 4. und 10. Jahrgangs, die zum Schuljahr 2026\/27 die Heinrich-B\u00f6ll-Gesamtschule besuchen m\u00f6chten.&nbsp;<br \/>\nDie Schule stellt sich mit F\u00e4chern und Projekten vor, wir zeigen Unterricht und es gibt F\u00fchrungen durch das Schulgeb\u00e4ude.<br \/>\nIn unserer B\u00f6ll-Oase sorgen wir f\u00fcr das leibliche Wohl.<br \/>\nFragen zum Aufnahmeverfahren beantwortet die Schulleitung. F\u00fcr Sch\u00fclerinnen und Sch\u00fcler, die die Gymnasiale Oberstufe besuchen m\u00f6chten, gibt es eine Infoveranstaltung.&#8216;<br \/>\n<a href=\"http:\/\/hbg-koeln.de\/wp-content\/uploads\/2025\/11\/25_26-Programm-TaTue-Homepage_1-3a.pdf\"><strong>Das Programm mit Zeiten und R\u00e4umen f\u00fcr diesen Tag finden Sie unter diesem Link.<\/strong><\/a><br \/>\nWir bitten alle Besucher, die mit dem Auto kommen, den Parkplatz der Bezirkssportanlage zu nutzen.<br \/>\n<img loading=\"lazy\" decoding=\"async\" class=\"alignnone wp-image-5128\" src=\"http:\/\/hbg-koeln.de\/wp-content\/uploads\/2016\/11\/Parkplatz-300x260.jpg\" alt=\"\" width=\"395\" height=\"342\" srcset=\"https:\/\/hbg-koeln.de\/wp-content\/uploads\/2016\/11\/Parkplatz-300x260.jpg 300w, https:\/\/hbg-koeln.de\/wp-content\/uploads\/2016\/11\/Parkplatz.jpg 709w\" sizes=\"auto, (max-width: 395px) 100vw, 395px\" \/><\/p>\n<p>&nbsp;<\/p>\n","protected":false},"excerpt":{"rendered":"<p>Am Samstag, 29.11.2025 findet von 9-13 Uhr unser Tag der Offenen T\u00fcr statt. Wir freuen uns auf Eltern und Sch\u00fclerinnen und Sch\u00fcler des 4. und 10. Jahrgangs, die zum Schuljahr 2026\/27 die Heinrich-B\u00f6ll-Gesamtschule besuchen m\u00f6chten.&nbsp; Die<a class=\"moretag\" href=\"https:\/\/hbg-koeln.de\/?p=10957\">Read More&#8230;<\/a><\/p>\n","protected":false},"author":9,"featured_media":0,"comment_status":"closed","ping_status":"open","sticky":false,"template":"","format":"standard","meta":{"ngg_post_thumbnail":0,"footnotes":""},"categories":[1],"tags":[],"class_list":["post-10957","post","type-post","status-publish","format-standard","hentry","category-allgemein"],"_links":{"self":[{"href":"https:\/\/hbg-koeln.de\/index.php?rest_route=\/wp\/v2\/posts\/10957","targetHints":{"allow":["GET"]}}],"collection":[{"href":"https:\/\/hbg-koeln.de\/index.php?rest_route=\/wp\/v2\/posts"}],"about":[{"href":"https:\/\/hbg-koeln.de\/index.php?rest_route=\/wp\/v2\/types\/post"}],"author":[{"embeddable":true,"href":"https:\/\/hbg-koeln.de\/index.php?rest_route=\/wp\/v2\/users\/9"}],"replies":[{"embeddable":true,"href":"https:\/\/hbg-koeln.de\/index.php?rest_route=%2Fwp%2Fv2%2Fcomments&post=10957"}],"version-history":[{"count":9,"href":"https:\/\/hbg-koeln.de\/index.php?rest_route=\/wp\/v2\/posts\/10957\/revisions"}],"predecessor-version":[{"id":11082,"href":"https:\/\/hbg-koeln.de\/index.php?rest_route=\/wp\/v2\/posts\/10957\/revisions\/11082"}],"wp:attachment":[{"href":"https:\/\/hbg-koeln.de\/index.php?rest_route=%2Fwp%2Fv2%2Fmedia&parent=10957"}],"wp:term":[{"taxonomy":"category","embeddable":true,"href":"https:\/\/hbg-koeln.de\/index.php?rest_route=%2Fwp%2Fv2%2Fcategories&post=10957"},{"taxonomy":"post_tag","embeddable":true,"href":"https:\/\/hbg-koeln.de\/index.php?rest_route=%2Fwp%2Fv2%2Ftags&post=10957"}],"curies":[{"name":"wp","href":"https:\/\/api.w.org\/{rel}","templated":true}]}}