{"id":11039,"date":"2025-11-13T23:32:15","date_gmt":"2025-11-13T22:32:15","guid":{"rendered":"https:\/\/hbg-koeln.de\/?p=11039"},"modified":"2025-11-13T23:32:15","modified_gmt":"2025-11-13T22:32:15","slug":"schuelerinnen-der-hbg-schlagen-sich-beachtlich-beim-schulmarathon-des-koeln-marathon","status":"publish","type":"post","link":"https:\/\/hbg-koeln.de\/?p=11039","title":{"rendered":"<b>Sch\u00fcler*innen der HBG schlagen sich beachtlich beim Schulmarathon des K\u00f6ln Marathon<\/b>"},"content":{"rendered":"<p><a href=\"http:\/\/hbg-koeln.de\/wp-content\/uploads\/2025\/11\/Foto-Teilnehmer-Schulmarathon-2025-scaled.jpg\"><img loading=\"lazy\" decoding=\"async\" class=\"alignleft  wp-image-11040\" src=\"http:\/\/hbg-koeln.de\/wp-content\/uploads\/2025\/11\/Foto-Teilnehmer-Schulmarathon-2025-300x300.jpg\" alt=\"\" width=\"112\" height=\"112\" srcset=\"https:\/\/hbg-koeln.de\/wp-content\/uploads\/2025\/11\/Foto-Teilnehmer-Schulmarathon-2025-300x300.jpg 300w, https:\/\/hbg-koeln.de\/wp-content\/uploads\/2025\/11\/Foto-Teilnehmer-Schulmarathon-2025-1024x1024.jpg 1024w, https:\/\/hbg-koeln.de\/wp-content\/uploads\/2025\/11\/Foto-Teilnehmer-Schulmarathon-2025-150x150.jpg 150w, https:\/\/hbg-koeln.de\/wp-content\/uploads\/2025\/11\/Foto-Teilnehmer-Schulmarathon-2025-768x768.jpg 768w, https:\/\/hbg-koeln.de\/wp-content\/uploads\/2025\/11\/Foto-Teilnehmer-Schulmarathon-2025-1536x1536.jpg 1536w, https:\/\/hbg-koeln.de\/wp-content\/uploads\/2025\/11\/Foto-Teilnehmer-Schulmarathon-2025-2048x2048.jpg 2048w, https:\/\/hbg-koeln.de\/wp-content\/uploads\/2025\/11\/Foto-Teilnehmer-Schulmarathon-2025-220x220.jpg 220w\" sizes=\"auto, (max-width: 112px) 100vw, 112px\" \/><\/a>Eine spannende Erfahrung liegt hinter unserer Sch\u00fclergruppe bestehend aus (von links) Zaid Charif, Luca Biolik, Henry Wolff, Maja Polakiewicz, Luis Biolik (auf dem Bild fehlend) und Paul Kirschbaum (auf dem Bild fehlend) die als Schulmannschaft am Schulmarathon des K\u00f6ln Marathons teilgenommen hat.<\/p>\n<p>Mit gro\u00dfem Einsatz liefen die jungen L\u00e4uferinnen und L\u00e4ufer eine beachtliche Zeit von 4:18:14 und belegten am Ende Platz 108 von insgesamt 160 teilnehmenden Schulen.<\/p>\n<p>Genannte L\u00e4uferinnen und L\u00e4ufer berichteten von einer besonderen Atmosph\u00e4re und einem sehr coolen Erlebnis.<\/p>\n<p>Ein besonderer Dank geht an den F\u00f6rderverein, der gro\u00dfz\u00fcgig die Startgeb\u00fchr \u00fcbernommen hat.<\/p>\n<p>Im n\u00e4chsten Jahr greifen wir die 4-Stunden-Marke an!<\/p>\n","protected":false},"excerpt":{"rendered":"<p>Eine spannende Erfahrung liegt hinter unserer Sch\u00fclergruppe bestehend aus (von links) Zaid Charif, Luca Biolik, Henry Wolff, Maja Polakiewicz, Luis Biolik (auf dem Bild fehlend) und Paul Kirschbaum (auf dem Bild fehlend) die als Schulmannschaft am<a class=\"moretag\" href=\"https:\/\/hbg-koeln.de\/?p=11039\">Read More&#8230;<\/a><\/p>\n","protected":false},"author":11,"featured_media":0,"comment_status":"closed","ping_status":"open","sticky":false,"template":"","format":"standard","meta":{"ngg_post_thumbnail":0,"footnotes":""},"categories":[1],"tags":[],"class_list":["post-11039","post","type-post","status-publish","format-standard","hentry","category-allgemein"],"_links":{"self":[{"href":"https:\/\/hbg-koeln.de\/index.php?rest_route=\/wp\/v2\/posts\/11039","targetHints":{"allow":["GET"]}}],"collection":[{"href":"https:\/\/hbg-koeln.de\/index.php?rest_route=\/wp\/v2\/posts"}],"about":[{"href":"https:\/\/hbg-koeln.de\/index.php?rest_route=\/wp\/v2\/types\/post"}],"author":[{"embeddable":true,"href":"https:\/\/hbg-koeln.de\/index.php?rest_route=\/wp\/v2\/users\/11"}],"replies":[{"embeddable":true,"href":"https:\/\/hbg-koeln.de\/index.php?rest_route=%2Fwp%2Fv2%2Fcomments&post=11039"}],"version-history":[{"count":1,"href":"https:\/\/hbg-koeln.de\/index.php?rest_route=\/wp\/v2\/posts\/11039\/revisions"}],"predecessor-version":[{"id":11041,"href":"https:\/\/hbg-koeln.de\/index.php?rest_route=\/wp\/v2\/posts\/11039\/revisions\/11041"}],"wp:attachment":[{"href":"https:\/\/hbg-koeln.de\/index.php?rest_route=%2Fwp%2Fv2%2Fmedia&parent=11039"}],"wp:term":[{"taxonomy":"category","embeddable":true,"href":"https:\/\/hbg-koeln.de\/index.php?rest_route=%2Fwp%2Fv2%2Fcategories&post=11039"},{"taxonomy":"post_tag","embeddable":true,"href":"https:\/\/hbg-koeln.de\/index.php?rest_route=%2Fwp%2Fv2%2Ftags&post=11039"}],"curies":[{"name":"wp","href":"https:\/\/api.w.org\/{rel}","templated":true}]}}