{"id":11117,"date":"2025-12-09T23:32:00","date_gmt":"2025-12-09T22:32:00","guid":{"rendered":"https:\/\/hbg-koeln.de\/?p=11117"},"modified":"2025-12-09T23:32:00","modified_gmt":"2025-12-09T22:32:00","slug":"orange-the-world-an-der-hbg","status":"publish","type":"post","link":"https:\/\/hbg-koeln.de\/?p=11117","title":{"rendered":"<b> Orange The World an der HBG<\/b>"},"content":{"rendered":"<p>Im Rahm<a href=\"http:\/\/hbg-koeln.de\/wp-content\/uploads\/2025\/12\/IMG_20251205_103400_258.jpg\"><img loading=\"lazy\" decoding=\"async\" class=\"alignleft  wp-image-11120\" src=\"http:\/\/hbg-koeln.de\/wp-content\/uploads\/2025\/12\/IMG_20251205_103400_258-225x300.jpg\" alt=\"\" width=\"108\" height=\"144\" srcset=\"https:\/\/hbg-koeln.de\/wp-content\/uploads\/2025\/12\/IMG_20251205_103400_258-225x300.jpg 225w, https:\/\/hbg-koeln.de\/wp-content\/uploads\/2025\/12\/IMG_20251205_103400_258-768x1024.jpg 768w, https:\/\/hbg-koeln.de\/wp-content\/uploads\/2025\/12\/IMG_20251205_103400_258.jpg 960w\" sizes=\"auto, (max-width: 108px) 100vw, 108px\" \/><\/a>en der UN-Kampagne &#8222;Orange the world&#8220; veranstaltete eine Gruppe des Projektkurses &#8222;\u00c4ndern leben&#8220; mehrere Aktionen an unserer Schule.<br \/>\nDie Aktionen starteten schon am 14. November, als die Gruppe in Kooperation mit der SV und der vom Online-Grimme-Preis ausgezeichneten Initiative &#8222;Femizide stoppen&#8220; zum Gedenken an unsere ehemalige Sch\u00fclerin Derya und ihren Sohn Kian, die beide vom Vater des Kindes ermordet wurden, an der Gedenkwand im gelben Bereich einlud.<\/p>\n<p>Am 25. November zum Internationalen Tag zur Beseitigung von Gewalt gegen Frauen f\u00fchrte die Gruppe dann zum einen Workshops in den 9. und 10. Klassen durch, die sie gemeinsam mit der Initiative &#8222;Zora&#8220; vorbereitet haben und informierten zum anderen in den Pausen an der Gedenkwand zum Thema und kamen mit Leh<a href=\"http:\/\/hbg-koeln.de\/wp-content\/uploads\/2025\/12\/20251125_104055-scaled.jpg\"><img loading=\"lazy\" decoding=\"async\" class=\"alignleft  wp-image-11118\" src=\"http:\/\/hbg-koeln.de\/wp-content\/uploads\/2025\/12\/20251125_104055-225x300.jpg\" alt=\"\" width=\"106\" height=\"141\" srcset=\"https:\/\/hbg-koeln.de\/wp-content\/uploads\/2025\/12\/20251125_104055-225x300.jpg 225w, https:\/\/hbg-koeln.de\/wp-content\/uploads\/2025\/12\/20251125_104055-768x1024.jpg 768w, https:\/\/hbg-koeln.de\/wp-content\/uploads\/2025\/12\/20251125_104055-1152x1536.jpg 1152w, https:\/\/hbg-koeln.de\/wp-content\/uploads\/2025\/12\/20251125_104055-1536x2048.jpg 1536w, https:\/\/hbg-koeln.de\/wp-content\/uploads\/2025\/12\/20251125_104055-scaled.jpg 1920w\" sizes=\"auto, (max-width: 106px) 100vw, 106px\" \/><\/a>rer*innen und Sch\u00fcler*innen ins Gespr\u00e4ch. Dabei teilten sie Armb\u00e4ndchen in orange aus, die Mitglieder der Schulgemeinschaft als Zeichen der Solidarit\u00e4t tragen konnten. Des Weiteren fand eine Stufenversammlung der Q1 statt, in der die Gruppe mit der eigenen Stufe noch einmal intensiver zum Thema ins Gespr\u00e4ch kam. Am Abend gingen einige aus der Projektkurs-Gruppe noch auf den Protestmarsch &#8222;Wir nehmen uns die Nacht&#8220;.<\/p>\n<p>Am Tag d<a href=\"http:\/\/hbg-koeln.de\/wp-content\/uploads\/2025\/12\/20251114_135039-scaled.jpg\"><img loading=\"lazy\" decoding=\"async\" class=\"alignleft  wp-image-11119\" src=\"http:\/\/hbg-koeln.de\/wp-content\/uploads\/2025\/12\/20251114_135039-225x300.jpg\" alt=\"\" width=\"113\" height=\"151\" srcset=\"https:\/\/hbg-koeln.de\/wp-content\/uploads\/2025\/12\/20251114_135039-225x300.jpg 225w, https:\/\/hbg-koeln.de\/wp-content\/uploads\/2025\/12\/20251114_135039-768x1024.jpg 768w, https:\/\/hbg-koeln.de\/wp-content\/uploads\/2025\/12\/20251114_135039-1152x1536.jpg 1152w, https:\/\/hbg-koeln.de\/wp-content\/uploads\/2025\/12\/20251114_135039-1536x2048.jpg 1536w, https:\/\/hbg-koeln.de\/wp-content\/uploads\/2025\/12\/20251114_135039-scaled.jpg 1920w\" sizes=\"auto, (max-width: 113px) 100vw, 113px\" \/><\/a>er offenen T\u00fcr stellte sich auch der Projektkurs vor und die Gruppe nutzte das, um ebenfalls auf das Thema aufmerksam zu machen.<\/p>\n<p>Im Rahmen der Demo &#8222;Von Trauer und Wut &#8211; Auf die Stra\u00dfe gegen Femizide&#8220;, zu welcher die Initiative &#8222;Wir wollen uns lebend &#8211; K\u00f6lner Netzwerk gegen Femizide&#8220; aufrief und sich auch die Gruppe des Projektkurses anschloss, hielt Zeinab Khalil als Vertretung f\u00fcr die Gruppe des Projektkurses sogar eine kurze Rede.<\/p>\n<p>Schon im letzten Jahr machten mehrere Gruppen des Projektkurses auf die Themen Gewalt an Frauen und Femizide aufmerksam und die R\u00fcckmeldung sowie die gesellschaftlichen Entwicklungen zeigen auch, dass dies weiter notwendig ist.<\/p>\n<p>Wir bleiben dran!<br \/>\nDer Projektkurs<br \/>\n\u00c4ndern leben<\/p>\n","protected":false},"excerpt":{"rendered":"<p>Im Rahmen der UN-Kampagne &#8222;Orange the world&#8220; veranstaltete eine Gruppe des Projektkurses &#8222;\u00c4ndern leben&#8220; mehrere Aktionen an unserer Schule. Die Aktionen starteten schon am 14. November, als die Gruppe in Kooperation mit der SV und der<a class=\"moretag\" href=\"https:\/\/hbg-koeln.de\/?p=11117\">Read More&#8230;<\/a><\/p>\n","protected":false},"author":11,"featured_media":0,"comment_status":"closed","ping_status":"open","sticky":false,"template":"","format":"standard","meta":{"ngg_post_thumbnail":0,"footnotes":""},"categories":[1],"tags":[],"class_list":["post-11117","post","type-post","status-publish","format-standard","hentry","category-allgemein"],"_links":{"self":[{"href":"https:\/\/hbg-koeln.de\/index.php?rest_route=\/wp\/v2\/posts\/11117","targetHints":{"allow":["GET"]}}],"collection":[{"href":"https:\/\/hbg-koeln.de\/index.php?rest_route=\/wp\/v2\/posts"}],"about":[{"href":"https:\/\/hbg-koeln.de\/index.php?rest_route=\/wp\/v2\/types\/post"}],"author":[{"embeddable":true,"href":"https:\/\/hbg-koeln.de\/index.php?rest_route=\/wp\/v2\/users\/11"}],"replies":[{"embeddable":true,"href":"https:\/\/hbg-koeln.de\/index.php?rest_route=%2Fwp%2Fv2%2Fcomments&post=11117"}],"version-history":[{"count":1,"href":"https:\/\/hbg-koeln.de\/index.php?rest_route=\/wp\/v2\/posts\/11117\/revisions"}],"predecessor-version":[{"id":11121,"href":"https:\/\/hbg-koeln.de\/index.php?rest_route=\/wp\/v2\/posts\/11117\/revisions\/11121"}],"wp:attachment":[{"href":"https:\/\/hbg-koeln.de\/index.php?rest_route=%2Fwp%2Fv2%2Fmedia&parent=11117"}],"wp:term":[{"taxonomy":"category","embeddable":true,"href":"https:\/\/hbg-koeln.de\/index.php?rest_route=%2Fwp%2Fv2%2Fcategories&post=11117"},{"taxonomy":"post_tag","embeddable":true,"href":"https:\/\/hbg-koeln.de\/index.php?rest_route=%2Fwp%2Fv2%2Ftags&post=11117"}],"curies":[{"name":"wp","href":"https:\/\/api.w.org\/{rel}","templated":true}]}}