{"id":11127,"date":"2025-12-15T10:05:46","date_gmt":"2025-12-15T09:05:46","guid":{"rendered":"https:\/\/hbg-koeln.de\/?p=11127"},"modified":"2025-12-15T10:05:46","modified_gmt":"2025-12-15T09:05:46","slug":"hbg-spendet-weihnachtspakete-fuer-die-koelner-tafel-2","status":"publish","type":"post","link":"https:\/\/hbg-koeln.de\/?p=11127","title":{"rendered":"<b>HBG spendet Weihnachtspakete f\u00fcr die K\u00f6lner Tafel<\/b>"},"content":{"rendered":"<p><a href=\"http:\/\/hbg-koeln.de\/wp-content\/uploads\/2025\/12\/Projekt-Koelner-Tafel-2025.jpg\"><img loading=\"lazy\" decoding=\"async\" class=\"alignleft  wp-image-11128\" src=\"http:\/\/hbg-koeln.de\/wp-content\/uploads\/2025\/12\/Projekt-Koelner-Tafel-2025-300x219.jpg\" alt=\"\" width=\"127\" height=\"93\" srcset=\"https:\/\/hbg-koeln.de\/wp-content\/uploads\/2025\/12\/Projekt-Koelner-Tafel-2025-300x219.jpg 300w, https:\/\/hbg-koeln.de\/wp-content\/uploads\/2025\/12\/Projekt-Koelner-Tafel-2025-1024x748.jpg 1024w, https:\/\/hbg-koeln.de\/wp-content\/uploads\/2025\/12\/Projekt-Koelner-Tafel-2025-768x561.jpg 768w, https:\/\/hbg-koeln.de\/wp-content\/uploads\/2025\/12\/Projekt-Koelner-Tafel-2025-1536x1122.jpg 1536w, https:\/\/hbg-koeln.de\/wp-content\/uploads\/2025\/12\/Projekt-Koelner-Tafel-2025-2048x1495.jpg 2048w\" sizes=\"auto, (max-width: 127px) 100vw, 127px\" \/><\/a>Es ist schon fast Tradition, dass einige Klassen der HBG Weihnachtspakete f\u00fcr die K\u00f6lner Tafel packen. Das Projekt \u201eFr\u00f6hliche Weihnachten f\u00fcr alle?\u201c wird meist in den Klassenstunden durchgef\u00fchrt und setzt in der Vorweihnachtszeit ein Zeichen der Solidarit\u00e4t in der Unterst\u00fctzung der Bed\u00fcrftigen in unserer Stadt. In die von den Klassen 7.6 und 7.8 bunt verpackten Lebensmittelpakete wurden ungek\u00fchlt haltbare Lebensmittel wie Konserven, Dauerwurst, Kaffee, Nudeln, \u00d6l, M\u00fcsli und Geb\u00e4ck eingepackt. Die K\u00f6lner Tafel holte die Weihnachtsgeschenke an der Schule ab und wird sie an die Ausgabestellen im Stadtgebiet verteilen. &nbsp;Wir sind im n\u00e4chsten Jahr bestimmt wieder dabei!<\/p>\n","protected":false},"excerpt":{"rendered":"<p>Es ist schon fast Tradition, dass einige Klassen der HBG Weihnachtspakete f\u00fcr die K\u00f6lner Tafel packen. Das Projekt \u201eFr\u00f6hliche Weihnachten f\u00fcr alle?\u201c wird meist in den Klassenstunden durchgef\u00fchrt und setzt in der Vorweihnachtszeit ein Zeichen der<a class=\"moretag\" href=\"https:\/\/hbg-koeln.de\/?p=11127\">Read More&#8230;<\/a><\/p>\n","protected":false},"author":11,"featured_media":0,"comment_status":"closed","ping_status":"open","sticky":false,"template":"","format":"standard","meta":{"ngg_post_thumbnail":0,"footnotes":""},"categories":[1],"tags":[],"class_list":["post-11127","post","type-post","status-publish","format-standard","hentry","category-allgemein"],"_links":{"self":[{"href":"https:\/\/hbg-koeln.de\/index.php?rest_route=\/wp\/v2\/posts\/11127","targetHints":{"allow":["GET"]}}],"collection":[{"href":"https:\/\/hbg-koeln.de\/index.php?rest_route=\/wp\/v2\/posts"}],"about":[{"href":"https:\/\/hbg-koeln.de\/index.php?rest_route=\/wp\/v2\/types\/post"}],"author":[{"embeddable":true,"href":"https:\/\/hbg-koeln.de\/index.php?rest_route=\/wp\/v2\/users\/11"}],"replies":[{"embeddable":true,"href":"https:\/\/hbg-koeln.de\/index.php?rest_route=%2Fwp%2Fv2%2Fcomments&post=11127"}],"version-history":[{"count":1,"href":"https:\/\/hbg-koeln.de\/index.php?rest_route=\/wp\/v2\/posts\/11127\/revisions"}],"predecessor-version":[{"id":11129,"href":"https:\/\/hbg-koeln.de\/index.php?rest_route=\/wp\/v2\/posts\/11127\/revisions\/11129"}],"wp:attachment":[{"href":"https:\/\/hbg-koeln.de\/index.php?rest_route=%2Fwp%2Fv2%2Fmedia&parent=11127"}],"wp:term":[{"taxonomy":"category","embeddable":true,"href":"https:\/\/hbg-koeln.de\/index.php?rest_route=%2Fwp%2Fv2%2Fcategories&post=11127"},{"taxonomy":"post_tag","embeddable":true,"href":"https:\/\/hbg-koeln.de\/index.php?rest_route=%2Fwp%2Fv2%2Ftags&post=11127"}],"curies":[{"name":"wp","href":"https:\/\/api.w.org\/{rel}","templated":true}]}}