{"id":11351,"date":"2026-04-26T06:45:45","date_gmt":"2026-04-26T05:45:45","guid":{"rendered":"https:\/\/hbg-koeln.de\/?p=11351"},"modified":"2026-04-26T06:45:45","modified_gmt":"2026-04-26T05:45:45","slug":"vizemeister-der-koelner-schulen","status":"publish","type":"post","link":"https:\/\/hbg-koeln.de\/?p=11351","title":{"rendered":"<b>Vizemeister der K\u00f6lner Schulen<\/b>"},"content":{"rendered":"<p><a href=\"http:\/\/hbg-koeln.de\/wp-content\/uploads\/2026\/04\/IMG_6799-scaled.jpeg\"><img loading=\"lazy\" decoding=\"async\" class=\"alignleft  wp-image-11352\" src=\"http:\/\/hbg-koeln.de\/wp-content\/uploads\/2026\/04\/IMG_6799-300x225.jpeg\" alt=\"\" width=\"155\" height=\"116\" srcset=\"https:\/\/hbg-koeln.de\/wp-content\/uploads\/2026\/04\/IMG_6799-300x225.jpeg 300w, https:\/\/hbg-koeln.de\/wp-content\/uploads\/2026\/04\/IMG_6799-1024x768.jpeg 1024w, https:\/\/hbg-koeln.de\/wp-content\/uploads\/2026\/04\/IMG_6799-768x576.jpeg 768w, https:\/\/hbg-koeln.de\/wp-content\/uploads\/2026\/04\/IMG_6799-1536x1152.jpeg 1536w, https:\/\/hbg-koeln.de\/wp-content\/uploads\/2026\/04\/IMG_6799-2048x1536.jpeg 2048w\" sizes=\"auto, (max-width: 155px) 100vw, 155px\" \/><\/a>Riesenerfolg der HBG- M\u00e4dels! Unsere U15-M\u00e4delsmannschaft (Jahrg\u00e4nge 2012-2014) erreichte bei<br \/>\nder diesj\u00e4hrigen Fu\u00dfball Stadtmeisterschaft einen sensationellen 2. Platz und darf sich wie bereits im<br \/>\nletzten Jahr \u201eVizemeister der K\u00f6lner Schulen\u201c nennen. Die IG M\u00e4dchenfu\u00dfball wird seit vielen Jahren<br \/>\nvon Herrn Nebel geleitet und findet immer freitags nach der 4. Stunde f\u00fcr alle fu\u00dfballbegeisterten<br \/>\nHBG-M\u00e4dchen statt. Dieser Erfolg ist umso bemerkenswerter, da die HBG das mit Abstand j\u00fcngste<br \/>\nTeam des Turniers stellte. Mit gro\u00dfem Engagement und riesiger Spielfreude marschierte unser Team<br \/>\nungeschlagen und ohne Gegentor durch die Gruppenphase. Im Halbfinale gab es ein Wiedersehen<br \/>\nmit dem letztj\u00e4hrigen Finalgegner, dem Gymnasium Rodenkirchen. Hochverdient gewannen die<br \/>\nM\u00e4dels mit 2-1, im Finale kam es zum gro\u00dfen Duell mit der Gesamtschule M\u00fcngersdorf. Zwei absolut<br \/>\ngleichwertige Teams lieferten sich ein sehr spannendes Duell, eine kleine Unachtsamkeit in der<br \/>\nAbwehr 2 Minuten vor Schluss f\u00fchrte zur ungl\u00fccklichen 0-1 Niederlage. \u201eWieder nur<br \/>\nVizemeister\u201c\u2026..gro\u00dfe Entt\u00e4uschung, Tr\u00e4nen in den Augen. Doch dann gratulierten die sehr fairen<br \/>\nM\u00e4dels der Gesamtschule M\u00fcngersdorf unserem Team zur fantastischen Leistung und der Stolz auf<br \/>\ndas Erreichte \u00fcberwog. N\u00e4chstes Jahr greifen wir wieder an.<\/p>\n","protected":false},"excerpt":{"rendered":"<p>Riesenerfolg der HBG- M\u00e4dels! Unsere U15-M\u00e4delsmannschaft (Jahrg\u00e4nge 2012-2014) erreichte bei der diesj\u00e4hrigen Fu\u00dfball Stadtmeisterschaft einen sensationellen 2. Platz und darf sich wie bereits im letzten Jahr \u201eVizemeister der K\u00f6lner Schulen\u201c nennen. Die IG M\u00e4dchenfu\u00dfball wird seit<a class=\"moretag\" href=\"https:\/\/hbg-koeln.de\/?p=11351\">Read More&#8230;<\/a><\/p>\n","protected":false},"author":7,"featured_media":0,"comment_status":"closed","ping_status":"open","sticky":false,"template":"","format":"standard","meta":{"ngg_post_thumbnail":0,"footnotes":""},"categories":[1],"tags":[],"class_list":["post-11351","post","type-post","status-publish","format-standard","hentry","category-allgemein"],"_links":{"self":[{"href":"https:\/\/hbg-koeln.de\/index.php?rest_route=\/wp\/v2\/posts\/11351","targetHints":{"allow":["GET"]}}],"collection":[{"href":"https:\/\/hbg-koeln.de\/index.php?rest_route=\/wp\/v2\/posts"}],"about":[{"href":"https:\/\/hbg-koeln.de\/index.php?rest_route=\/wp\/v2\/types\/post"}],"author":[{"embeddable":true,"href":"https:\/\/hbg-koeln.de\/index.php?rest_route=\/wp\/v2\/users\/7"}],"replies":[{"embeddable":true,"href":"https:\/\/hbg-koeln.de\/index.php?rest_route=%2Fwp%2Fv2%2Fcomments&post=11351"}],"version-history":[{"count":1,"href":"https:\/\/hbg-koeln.de\/index.php?rest_route=\/wp\/v2\/posts\/11351\/revisions"}],"predecessor-version":[{"id":11353,"href":"https:\/\/hbg-koeln.de\/index.php?rest_route=\/wp\/v2\/posts\/11351\/revisions\/11353"}],"wp:attachment":[{"href":"https:\/\/hbg-koeln.de\/index.php?rest_route=%2Fwp%2Fv2%2Fmedia&parent=11351"}],"wp:term":[{"taxonomy":"category","embeddable":true,"href":"https:\/\/hbg-koeln.de\/index.php?rest_route=%2Fwp%2Fv2%2Fcategories&post=11351"},{"taxonomy":"post_tag","embeddable":true,"href":"https:\/\/hbg-koeln.de\/index.php?rest_route=%2Fwp%2Fv2%2Ftags&post=11351"}],"curies":[{"name":"wp","href":"https:\/\/api.w.org\/{rel}","templated":true}]}}