{"id":1303,"date":"2013-02-04T19:16:21","date_gmt":"2013-02-04T17:16:21","guid":{"rendered":"http:\/\/hbg-koeln.de\/?p=1303"},"modified":"2013-04-20T12:09:31","modified_gmt":"2013-04-20T10:09:31","slug":"hbg-erfolgreich-beim-landesfinale-geratturnen-2013","status":"publish","type":"post","link":"https:\/\/hbg-koeln.de\/?p=1303","title":{"rendered":"HBG erfolgreich beim Landesfinale Ger\u00e4tturnen 2013"},"content":{"rendered":"<h2 align=\"JUSTIFY\">HBG erfolgreich beim Landesfinale Ger\u00e4tturnen 2013<\/h2>\n<p align=\"JUSTIFY\">Am Ende konnte man erstaunte Turnerinnen und Turner jubeln h\u00f6ren: Die Schulmannschaft Ger\u00e4tturnen der HBG belegte beim Landesfinale \u201eJugend trainiert f\u00fcr Olympia\u201c einen tollen 5. Platz. Gratulation an Nermin Bajramovic (5.2), Eren Saglam (5.2), Robin Siebert (6.7), Natali Freitag (7.7), Lina Basaran (5.2) und den Ersatzmann Ali \u00d6zbek (5.2)!<\/p>\n<h2 align=\"JUSTIFY\"><img decoding=\"async\" class=\"ngg-singlepic ngg-center\" src=\"http:\/\/hbg-koeln.de\/wp-content\/gallery\/2013-artikel\/schulmannschaftgt2.jpg\" style=\"border: 1px solid black;\" alt=\"schulmannschaftgt2\" \/><\/h2>\n<p align=\"JUSTIFY\">Hoch motiviert fuhren die Turnerinnen und Turner der Heinrich-B\u00f6ll-Gesamtschule am 24.1. 2013, am Studientag, an dem andere nicht zur Schule mussten, um 6.45 Uhr nach Oberwerries\/Hamm (Westfalen), zum Landesfinale Ger\u00e4tturnen der Wettkampfklasse IV. Zwar haben wir flei\u00dfig trainiert, jedoch treffen beim Landesfinale NRW dann schon Schulen aufeinander, die zum Teil St\u00fctzpunktschulen oder Turntalentschulen der Landesturnverb\u00e4nde sind. Da wir eine reine Schulmannschaft sind, das Ger\u00e4tturnen wirklich lediglich in unserer Trainingszeit der Schulmannschaft einge\u00fcbt haben, standen unsere Chancen auf einen der vorderen Pl\u00e4tze sehr gering. Durch den 1. Platz bei den Bezirksregierungsmeisterschaften qualifiziert, fuhren wir aber doch als Sieger der Bezirksregierung K\u00f6ln dahin. Die Stimmung im Team war klasse und alle wollten an diesem Wettkampftag ihr Bestes zeigen. Wir starteten an unserer schw\u00e4chsten Station, dem Tauklettern, und konnten uns dann kontinuierlich im laufenden Wettbewerb steigern. Ger\u00e4tebahn A, B, C und der Standweitsprung standen auf dem Plan. Bei der abschlie\u00dfenden Staffel belegten wir sogar den 4. Platz.<\/p>\n<p align=\"JUSTIFY\">An dieser Stelle noch mal ein gro\u00dfer Dank an die Sch\u00fclerhelferinnen Marie Spanier (8.5) und Frederike Effer (8.6), die uns freiwillig zum Wettkampf begleitet haben.<\/p>\n<p align=\"JUSTIFY\">B. Dittmar<\/p>\n","protected":false},"excerpt":{"rendered":"<p>HBG erfolgreich beim Landesfinale Ger\u00e4tturnen 2013 Am Ende konnte man erstaunte Turnerinnen und Turner jubeln h\u00f6ren: Die Schulmannschaft Ger\u00e4tturnen der HBG belegte beim Landesfinale \u201eJugend trainiert f\u00fcr Olympia\u201c einen tollen 5. Platz. Gratulation an Nermin Bajramovic<a class=\"moretag\" href=\"https:\/\/hbg-koeln.de\/?p=1303\">Read More&#8230;<\/a><\/p>\n","protected":false},"author":11,"featured_media":0,"comment_status":"closed","ping_status":"open","sticky":false,"template":"","format":"standard","meta":{"ngg_post_thumbnail":0,"footnotes":""},"categories":[1],"tags":[],"class_list":["post-1303","post","type-post","status-publish","format-standard","hentry","category-allgemein"],"_links":{"self":[{"href":"https:\/\/hbg-koeln.de\/index.php?rest_route=\/wp\/v2\/posts\/1303","targetHints":{"allow":["GET"]}}],"collection":[{"href":"https:\/\/hbg-koeln.de\/index.php?rest_route=\/wp\/v2\/posts"}],"about":[{"href":"https:\/\/hbg-koeln.de\/index.php?rest_route=\/wp\/v2\/types\/post"}],"author":[{"embeddable":true,"href":"https:\/\/hbg-koeln.de\/index.php?rest_route=\/wp\/v2\/users\/11"}],"replies":[{"embeddable":true,"href":"https:\/\/hbg-koeln.de\/index.php?rest_route=%2Fwp%2Fv2%2Fcomments&post=1303"}],"version-history":[{"count":11,"href":"https:\/\/hbg-koeln.de\/index.php?rest_route=\/wp\/v2\/posts\/1303\/revisions"}],"predecessor-version":[{"id":1597,"href":"https:\/\/hbg-koeln.de\/index.php?rest_route=\/wp\/v2\/posts\/1303\/revisions\/1597"}],"wp:attachment":[{"href":"https:\/\/hbg-koeln.de\/index.php?rest_route=%2Fwp%2Fv2%2Fmedia&parent=1303"}],"wp:term":[{"taxonomy":"category","embeddable":true,"href":"https:\/\/hbg-koeln.de\/index.php?rest_route=%2Fwp%2Fv2%2Fcategories&post=1303"},{"taxonomy":"post_tag","embeddable":true,"href":"https:\/\/hbg-koeln.de\/index.php?rest_route=%2Fwp%2Fv2%2Ftags&post=1303"}],"curies":[{"name":"wp","href":"https:\/\/api.w.org\/{rel}","templated":true}]}}