{"id":133,"date":"2012-07-02T00:05:05","date_gmt":"2012-07-01T22:05:05","guid":{"rendered":"http:\/\/hbg-koeln.de\/?p=133"},"modified":"2012-07-02T00:10:41","modified_gmt":"2012-07-01T22:10:41","slug":"neuer-caterer-in-der-hbg","status":"publish","type":"post","link":"https:\/\/hbg-koeln.de\/?p=133","title":{"rendered":"Neuer Caterer in der HBG"},"content":{"rendered":"<p>Ab Juni bietet die Veedelsk\u00fcche des Vereins Chancen sichern helfen e.V. (CSH) f\u00fcr alle Sch\u00fclerinnen und Sch\u00fcler ein schmackhaftes Mittagessen zum Preis von 2,50 EUR an. Es wird t\u00e4glich frisch gekocht, saisonale und regionale Angebote sind ebenso auf dem Speiseplan wie ein vegetarisches Men\u00fc.<\/p>\n<p><!--more--><\/p>\n<p>Wenn Ihr Kind einen K\u00f6ln-Pass hat, haben Sie Anspruch auf einen Zuschuss durch die Stadt K\u00f6ln. Und Sie selbst m\u00fcssen nur einen Eigenanteil von 1,- EUR tragen.<\/p>\n<p>Was sollten Sie tun?<\/p>\n<p>Daf\u00fcr m\u00fcssen Sie \u2013 neben der Vorlage des K\u00f6ln-Pass, auf dem ein \u201eB\u201c steht &#8211; einen zus\u00e4tzlichen Antrag stellen.<\/p>\n<p>Anders bei einem aktuellen K\u00f6ln-Pass ohne \u201eB\u201c. Wenn Sie Leistungen nach dem Asylbewerberleistungsgesetz erhalten, haben Sie auch Anspruch auf das Mittagessen, mit dem Antrag \u201eAlle Kinder essen mit\u201c!<\/p>\n<p>Vor\u00fcbergehender Verkauf am Kiosk: 10.30 bis 10.50 Uhr. Sch\u00fcler mit erm\u00e4\u00dfigtem Essen (K\u00f6ln-Pass) erhalten die Essenmarken ausnahmsweise am Montag, den 4.6.2012 und dann wie gewohnt dienstags und donnerstags zwischen 7.30 und 8.00 Uhr an der Essensausgabe. Nach den Sommerferien k\u00f6nnen die Marken wieder am Automat gekauft werden.<\/p>\n<p>N\u00e4here Informationen im verteilten Infobrief oder unter Tel. 0221-64709-10 ( veedelskueche@csh-koeln.de). Ansprechpartnerin ist Lena Hemme.<\/p>\n","protected":false},"excerpt":{"rendered":"<p>Ab Juni bietet die Veedelsk\u00fcche des Vereins Chancen sichern helfen e.V. (CSH) f\u00fcr alle Sch\u00fclerinnen und Sch\u00fcler ein schmackhaftes Mittagessen zum Preis von 2,50 EUR an. Es wird t\u00e4glich frisch gekocht, saisonale und regionale Angebote sind<a class=\"moretag\" href=\"https:\/\/hbg-koeln.de\/?p=133\">Read More&#8230;<\/a><\/p>\n","protected":false},"author":1,"featured_media":0,"comment_status":"closed","ping_status":"open","sticky":false,"template":"","format":"standard","meta":{"ngg_post_thumbnail":0,"footnotes":""},"categories":[1,6],"tags":[],"class_list":["post-133","post","type-post","status-publish","format-standard","hentry","category-allgemein","category-infos"],"_links":{"self":[{"href":"https:\/\/hbg-koeln.de\/index.php?rest_route=\/wp\/v2\/posts\/133","targetHints":{"allow":["GET"]}}],"collection":[{"href":"https:\/\/hbg-koeln.de\/index.php?rest_route=\/wp\/v2\/posts"}],"about":[{"href":"https:\/\/hbg-koeln.de\/index.php?rest_route=\/wp\/v2\/types\/post"}],"author":[{"embeddable":true,"href":"https:\/\/hbg-koeln.de\/index.php?rest_route=\/wp\/v2\/users\/1"}],"replies":[{"embeddable":true,"href":"https:\/\/hbg-koeln.de\/index.php?rest_route=%2Fwp%2Fv2%2Fcomments&post=133"}],"version-history":[{"count":4,"href":"https:\/\/hbg-koeln.de\/index.php?rest_route=\/wp\/v2\/posts\/133\/revisions"}],"predecessor-version":[{"id":137,"href":"https:\/\/hbg-koeln.de\/index.php?rest_route=\/wp\/v2\/posts\/133\/revisions\/137"}],"wp:attachment":[{"href":"https:\/\/hbg-koeln.de\/index.php?rest_route=%2Fwp%2Fv2%2Fmedia&parent=133"}],"wp:term":[{"taxonomy":"category","embeddable":true,"href":"https:\/\/hbg-koeln.de\/index.php?rest_route=%2Fwp%2Fv2%2Fcategories&post=133"},{"taxonomy":"post_tag","embeddable":true,"href":"https:\/\/hbg-koeln.de\/index.php?rest_route=%2Fwp%2Fv2%2Ftags&post=133"}],"curies":[{"name":"wp","href":"https:\/\/api.w.org\/{rel}","templated":true}]}}