{"id":15,"date":"2012-07-01T13:37:42","date_gmt":"2012-07-01T11:37:42","guid":{"rendered":"http:\/\/hbg-koeln.de\/?p=15"},"modified":"2012-07-01T22:01:12","modified_gmt":"2012-07-01T20:01:12","slug":"hbg-triathlon-team","status":"publish","type":"post","link":"https:\/\/hbg-koeln.de\/?p=15","title":{"rendered":"HBG-Triathlon-Team"},"content":{"rendered":"<p>Spannend war es und aufregend und wirklich fr\u00fch! Um 6.30 Uhr brachen wir am 25.6.2012 nach Lemgo auf, zum ersten Triathlon-Wettkampf, den wir als Schulmannschaft der Heinrich-B\u00f6ll-Gesamtschule bestritten. Da es noch keine AG oder IG im Schuljahr 2011\/2012 f\u00fcr diesen Schulwettkampf gab, wurde extra f\u00fcr uns ein Trainingsplan erstellt. Somit liefen wir montags in der Mittagszeit mit Frau Marlie, dienstags und donnerstags im Wechsel in der 3. und 4. Stunde fuhren wir Rad mit Herrn Schleicher und freitags befanden wir uns vor dem Unterricht, um 7.30 Uhr, schon mit Frau Dittmar im Wasser. Ganz einfach war es nicht, immer regelm\u00e4\u00dfig dabei zu sein, doch alle, die sich nun tats\u00e4chlich f\u00fcr die Mannschaft qualifiziert haben, traten zuverl\u00e4ssig und motiviert zum Training an.<\/p>\n<p><!--more--><\/p>\n<p>Der Wettkampf war toll und alle gaben ihr Bestes. 3 Sch\u00fclerinnen und 3 Sch\u00fcler mussten abwechselnd im Staffelprinzip je 200m Schwimmen im Freibad , 3 km mit Mountainbikes auf nicht ganz so einfachen Untergr\u00fcnden fahren und\u00a0 zum Schluss noch 1km querfeldein Laufen. Nach 1:27:40 kam unser Schlussl\u00e4ufer ins Ziel und sicherte uns den 13. Platz bei den Landesmeisterschaften (14 teilnehmende Mannschaften). V\u00f6llig ersch\u00f6pft, aber mit einem L\u00e4cheln auf den Gesichtern, fielen sich alle in die Arme. Das \u201eFinishen\u201c stand f\u00fcr uns als Prim\u00e4rziel auf dem Plan. Gratulation an Clara W\u00fcst (8.1), Michelle Schmitz (8.1), Julia Weber (8.1), Sven Peters (8.4), Till Bardenheuer (6.1) und Marco Blajet (6.1)!<\/p>\n<p>Fairerhalber muss man noch erw\u00e4hnen, dass uns die Konkurrenz, die sich bei anderen Schulen aus vielen \u201eTriathlonprofis\u201c zusammensetzte, oft einfach einen Schritt voraus war.<\/p>\n<p>Ab dem Schuljahr 2012\/2013 wird es eine Triathlon-AG f\u00fcr den 7. Jahrgang geben aus der die Schulmannschaft dann erstellt wird. \u00dcber regen Zulauf w\u00fcrden wir uns freuen.<\/p>\n<p style=\"text-align: right;\">Dittmar<\/p>\n<p><img decoding=\"async\" class=\"ngg-singlepic ngg-center aligncenter\" src=\"http:\/\/hbg-koeln.de\/wp-content\/gallery\/2012-artikel\/hbg-triathlon-mannschaft-2012.jpg\" alt=\"hbg-triathlon-mannschaft-2012\" \/><\/p>\n<p style=\"text-align: center;\">Anmerkung: Auf dem Foto zu sehen:<\/p>\n<p style=\"text-align: center;\">v.li. n. re.: Clara W\u00fcst (8.1), Michelle Schmitz (8.1), Till Bardeneuer (6.1), Julia Weber (8.1), Sven Perters (8.4), Marco Blajet (6.1)<\/p>\n","protected":false},"excerpt":{"rendered":"<p>Spannend war es und aufregend und wirklich fr\u00fch! Um 6.30 Uhr brachen wir am 25.6.2012 nach Lemgo auf, zum ersten Triathlon-Wettkampf, den wir als Schulmannschaft der Heinrich-B\u00f6ll-Gesamtschule bestritten. Da es noch keine AG oder IG im<a class=\"moretag\" href=\"https:\/\/hbg-koeln.de\/?p=15\">Read More&#8230;<\/a><\/p>\n","protected":false},"author":1,"featured_media":0,"comment_status":"closed","ping_status":"closed","sticky":false,"template":"","format":"standard","meta":{"ngg_post_thumbnail":0,"footnotes":""},"categories":[1,4],"tags":[],"class_list":["post-15","post","type-post","status-publish","format-standard","hentry","category-allgemein","category-sport"],"_links":{"self":[{"href":"https:\/\/hbg-koeln.de\/index.php?rest_route=\/wp\/v2\/posts\/15","targetHints":{"allow":["GET"]}}],"collection":[{"href":"https:\/\/hbg-koeln.de\/index.php?rest_route=\/wp\/v2\/posts"}],"about":[{"href":"https:\/\/hbg-koeln.de\/index.php?rest_route=\/wp\/v2\/types\/post"}],"author":[{"embeddable":true,"href":"https:\/\/hbg-koeln.de\/index.php?rest_route=\/wp\/v2\/users\/1"}],"replies":[{"embeddable":true,"href":"https:\/\/hbg-koeln.de\/index.php?rest_route=%2Fwp%2Fv2%2Fcomments&post=15"}],"version-history":[{"count":8,"href":"https:\/\/hbg-koeln.de\/index.php?rest_route=\/wp\/v2\/posts\/15\/revisions"}],"predecessor-version":[{"id":123,"href":"https:\/\/hbg-koeln.de\/index.php?rest_route=\/wp\/v2\/posts\/15\/revisions\/123"}],"wp:attachment":[{"href":"https:\/\/hbg-koeln.de\/index.php?rest_route=%2Fwp%2Fv2%2Fmedia&parent=15"}],"wp:term":[{"taxonomy":"category","embeddable":true,"href":"https:\/\/hbg-koeln.de\/index.php?rest_route=%2Fwp%2Fv2%2Fcategories&post=15"},{"taxonomy":"post_tag","embeddable":true,"href":"https:\/\/hbg-koeln.de\/index.php?rest_route=%2Fwp%2Fv2%2Ftags&post=15"}],"curies":[{"name":"wp","href":"https:\/\/api.w.org\/{rel}","templated":true}]}}