{"id":1784,"date":"2013-09-10T20:21:19","date_gmt":"2013-09-10T18:21:19","guid":{"rendered":"http:\/\/hbg-koeln.de\/?p=1784"},"modified":"2013-09-10T20:21:19","modified_gmt":"2013-09-10T18:21:19","slug":"neu-oberstufenchor","status":"publish","type":"post","link":"https:\/\/hbg-koeln.de\/?p=1784","title":{"rendered":"NEU: Oberstufenchor"},"content":{"rendered":"<p><strong><em>Liebe Sch\u00fclerinnen und Sch\u00fcler:<\/em> <\/strong>Seit diesem Schuljahr wird neben vielen anderen musikalischen Projekten auch ein Oberstufenchor angeboten. Dieser richtet sich an alle Sch\u00fclerinnen und Sch\u00fcler der Jahrg\u00e4nge 10-13 und findet immer Dienstags ab 14:15 Uhr in B135 statt. Weitere Informationen erhaltet ihr bei Herrn Wiedemann.<\/p>\n","protected":false},"excerpt":{"rendered":"<p>Liebe Sch\u00fclerinnen und Sch\u00fcler: Seit diesem Schuljahr wird neben vielen anderen musikalischen Projekten auch ein Oberstufenchor angeboten. Dieser richtet sich an alle Sch\u00fclerinnen und Sch\u00fcler der Jahrg\u00e4nge 10-13 und findet immer Dienstags ab 14:15 Uhr in<a class=\"moretag\" href=\"https:\/\/hbg-koeln.de\/?p=1784\">Read More&#8230;<\/a><\/p>\n","protected":false},"author":7,"featured_media":0,"comment_status":"closed","ping_status":"open","sticky":false,"template":"","format":"standard","meta":{"ngg_post_thumbnail":0,"footnotes":""},"categories":[1],"tags":[],"class_list":["post-1784","post","type-post","status-publish","format-standard","hentry","category-allgemein"],"_links":{"self":[{"href":"https:\/\/hbg-koeln.de\/index.php?rest_route=\/wp\/v2\/posts\/1784","targetHints":{"allow":["GET"]}}],"collection":[{"href":"https:\/\/hbg-koeln.de\/index.php?rest_route=\/wp\/v2\/posts"}],"about":[{"href":"https:\/\/hbg-koeln.de\/index.php?rest_route=\/wp\/v2\/types\/post"}],"author":[{"embeddable":true,"href":"https:\/\/hbg-koeln.de\/index.php?rest_route=\/wp\/v2\/users\/7"}],"replies":[{"embeddable":true,"href":"https:\/\/hbg-koeln.de\/index.php?rest_route=%2Fwp%2Fv2%2Fcomments&post=1784"}],"version-history":[{"count":1,"href":"https:\/\/hbg-koeln.de\/index.php?rest_route=\/wp\/v2\/posts\/1784\/revisions"}],"predecessor-version":[{"id":1785,"href":"https:\/\/hbg-koeln.de\/index.php?rest_route=\/wp\/v2\/posts\/1784\/revisions\/1785"}],"wp:attachment":[{"href":"https:\/\/hbg-koeln.de\/index.php?rest_route=%2Fwp%2Fv2%2Fmedia&parent=1784"}],"wp:term":[{"taxonomy":"category","embeddable":true,"href":"https:\/\/hbg-koeln.de\/index.php?rest_route=%2Fwp%2Fv2%2Fcategories&post=1784"},{"taxonomy":"post_tag","embeddable":true,"href":"https:\/\/hbg-koeln.de\/index.php?rest_route=%2Fwp%2Fv2%2Ftags&post=1784"}],"curies":[{"name":"wp","href":"https:\/\/api.w.org\/{rel}","templated":true}]}}