{"id":1793,"date":"2013-09-15T01:56:33","date_gmt":"2013-09-14T23:56:33","guid":{"rendered":"http:\/\/hbg-koeln.de\/?p=1793"},"modified":"2013-09-15T01:56:33","modified_gmt":"2013-09-14T23:56:33","slug":"drei-tage-paris-paris-nous-voila","status":"publish","type":"post","link":"https:\/\/hbg-koeln.de\/?p=1793","title":{"rendered":"Drei Tage Paris \u2013 Paris nous voil\u00e0"},"content":{"rendered":"<p><img loading=\"lazy\" decoding=\"async\" class=\"ngg-singlepic ngg-none alignleft\" src=\"http:\/\/hbg-koeln.de\/wp-content\/gallery\/paris2013\/paris2013_3.jpg\" alt=\"paris2013_3\" width=\"450\" height=\"338\" \/>Vom 8. bis zum 10.7.2013 fuhren die zwei WPI Franz\u00f6sischkurse und der Erg\u00e4nzungskurs Sprache des 9. Jahrgangs gemeinsam nach Paris. Am 8.7. trafen wir uns um 5:45h an der Turnhalle und um 6:00h ging es los. Nach acht Stunden Busfahrt kamen wir am Hotel an. Das Hotel war sehr klein und wir hatten alle unterschiedlich gro\u00dfe Zimmer. Zum Fr\u00fchst\u00fcck gab es ein St\u00fcck Baguette mit einem kleinen P\u00e4ckchen Butter und etwas Marmelade. Drei Tage lang hatten wir nur Sonne und es war wirklich sehr warm. Am ersten Tag besichtigten wir die sch\u00f6ne Kirche <em>Sacre Coeur<\/em>. Au\u00dferdem besuchten wir das K\u00fcnstlerviertel <em>Montmartre<\/em>. Um 22:00 Uhr abends fuhren wir dann noch zum <em>Eiffelturm<\/em>, um die Lichtershow zu sehen. Am n\u00e4chsten Tag fuhren wir mit der Metro erneut zum Eiffelturm und bestiegen ihn. Anschlie\u00dfend machten wir mit dem Bus eine Stadtrundfahrt. Am Abend gingen wir zur Kathedrale <em>Notre Dame<\/em> und danach machten wir eine Bootstour auf der <em>Seine<\/em>. Am letzten Tag waren wir im Museum <em>Louvre<\/em> und sahen die <em>Mona Lisa<\/em>. Gegen 14:00 fuhren wir wieder nach Hause. (Chantal, Michelle, Sabrina &#8211; 10.5\/10.6)ngg_shortcode_0_placeholder\n<p>&nbsp;<\/p>\n","protected":false},"excerpt":{"rendered":"<p>Vom 8. bis zum 10.7.2013 fuhren die zwei WPI Franz\u00f6sischkurse und der Erg\u00e4nzungskurs Sprache des 9. Jahrgangs gemeinsam nach Paris. Am 8.7. trafen wir uns um 5:45h an der Turnhalle und um 6:00h ging es los.<a class=\"moretag\" href=\"https:\/\/hbg-koeln.de\/?p=1793\">Read More&#8230;<\/a><\/p>\n","protected":false},"author":11,"featured_media":0,"comment_status":"closed","ping_status":"open","sticky":false,"template":"","format":"standard","meta":{"ngg_post_thumbnail":0,"footnotes":""},"categories":[1],"tags":[],"class_list":["post-1793","post","type-post","status-publish","format-standard","hentry","category-allgemein"],"_links":{"self":[{"href":"https:\/\/hbg-koeln.de\/index.php?rest_route=\/wp\/v2\/posts\/1793","targetHints":{"allow":["GET"]}}],"collection":[{"href":"https:\/\/hbg-koeln.de\/index.php?rest_route=\/wp\/v2\/posts"}],"about":[{"href":"https:\/\/hbg-koeln.de\/index.php?rest_route=\/wp\/v2\/types\/post"}],"author":[{"embeddable":true,"href":"https:\/\/hbg-koeln.de\/index.php?rest_route=\/wp\/v2\/users\/11"}],"replies":[{"embeddable":true,"href":"https:\/\/hbg-koeln.de\/index.php?rest_route=%2Fwp%2Fv2%2Fcomments&post=1793"}],"version-history":[{"count":8,"href":"https:\/\/hbg-koeln.de\/index.php?rest_route=\/wp\/v2\/posts\/1793\/revisions"}],"predecessor-version":[{"id":1801,"href":"https:\/\/hbg-koeln.de\/index.php?rest_route=\/wp\/v2\/posts\/1793\/revisions\/1801"}],"wp:attachment":[{"href":"https:\/\/hbg-koeln.de\/index.php?rest_route=%2Fwp%2Fv2%2Fmedia&parent=1793"}],"wp:term":[{"taxonomy":"category","embeddable":true,"href":"https:\/\/hbg-koeln.de\/index.php?rest_route=%2Fwp%2Fv2%2Fcategories&post=1793"},{"taxonomy":"post_tag","embeddable":true,"href":"https:\/\/hbg-koeln.de\/index.php?rest_route=%2Fwp%2Fv2%2Ftags&post=1793"}],"curies":[{"name":"wp","href":"https:\/\/api.w.org\/{rel}","templated":true}]}}