{"id":2346,"date":"2014-07-02T23:17:33","date_gmt":"2014-07-02T21:17:33","guid":{"rendered":"http:\/\/hbg-koeln.de\/?p=2346"},"modified":"2014-07-02T23:26:17","modified_gmt":"2014-07-02T21:26:17","slug":"abi-ball-2014","status":"publish","type":"post","link":"https:\/\/hbg-koeln.de\/?p=2346","title":{"rendered":"ABI BALL 2014"},"content":{"rendered":"<p>&nbsp;<\/p>\n<p><img decoding=\"async\" class=\"ngg-singlepic ngg-none aligncenter\" alt=\"abiball\" src=\"http:\/\/hbg-koeln.de\/wp-content\/gallery\/2014-artikel\/10475983_10202311277571706_5128249486642472236_o.jpg\" \/><\/p>\n<p>Am Samstag war es soweit! Unsere Abiturienten haben in der Flora ihre Zeugnisse erhalten.<br \/>\nDas Organisationsteam hatte einen wundersch\u00f6nen Abend organisiert. Nadja und Uli f\u00fchrten durch den gelungenen Abend.<\/p>\n<p>Ich m\u00f6chte mich auf diesem Wege noch mal bei allen Abiturienten f\u00fcr die tolle Zeit und den tollen Abend in der Flora bedanken.<\/p>\n<p>T. Schulz<br \/>\nBeratungslehrer<\/p>\n<p><img decoding=\"async\" class=\"ngg-singlepic ngg-center aligncenter\" alt=\"10487362_10204299815405522_8569727977878865656_n\" src=\"http:\/\/hbg-koeln.de\/wp-content\/gallery\/2014-artikel\/10487362_10204299815405522_8569727977878865656_n.jpg\" \/><\/p>\n","protected":false},"excerpt":{"rendered":"<p>&nbsp; Am Samstag war es soweit! Unsere Abiturienten haben in der Flora ihre Zeugnisse erhalten. Das Organisationsteam hatte einen wundersch\u00f6nen Abend organisiert. Nadja und Uli f\u00fchrten durch den gelungenen Abend. Ich m\u00f6chte mich auf diesem Wege<a class=\"moretag\" href=\"https:\/\/hbg-koeln.de\/?p=2346\">Read More&#8230;<\/a><\/p>\n","protected":false},"author":1,"featured_media":0,"comment_status":"closed","ping_status":"open","sticky":false,"template":"","format":"standard","meta":{"ngg_post_thumbnail":0,"footnotes":""},"categories":[1],"tags":[],"class_list":["post-2346","post","type-post","status-publish","format-standard","hentry","category-allgemein"],"_links":{"self":[{"href":"https:\/\/hbg-koeln.de\/index.php?rest_route=\/wp\/v2\/posts\/2346","targetHints":{"allow":["GET"]}}],"collection":[{"href":"https:\/\/hbg-koeln.de\/index.php?rest_route=\/wp\/v2\/posts"}],"about":[{"href":"https:\/\/hbg-koeln.de\/index.php?rest_route=\/wp\/v2\/types\/post"}],"author":[{"embeddable":true,"href":"https:\/\/hbg-koeln.de\/index.php?rest_route=\/wp\/v2\/users\/1"}],"replies":[{"embeddable":true,"href":"https:\/\/hbg-koeln.de\/index.php?rest_route=%2Fwp%2Fv2%2Fcomments&post=2346"}],"version-history":[{"count":4,"href":"https:\/\/hbg-koeln.de\/index.php?rest_route=\/wp\/v2\/posts\/2346\/revisions"}],"predecessor-version":[{"id":2352,"href":"https:\/\/hbg-koeln.de\/index.php?rest_route=\/wp\/v2\/posts\/2346\/revisions\/2352"}],"wp:attachment":[{"href":"https:\/\/hbg-koeln.de\/index.php?rest_route=%2Fwp%2Fv2%2Fmedia&parent=2346"}],"wp:term":[{"taxonomy":"category","embeddable":true,"href":"https:\/\/hbg-koeln.de\/index.php?rest_route=%2Fwp%2Fv2%2Fcategories&post=2346"},{"taxonomy":"post_tag","embeddable":true,"href":"https:\/\/hbg-koeln.de\/index.php?rest_route=%2Fwp%2Fv2%2Ftags&post=2346"}],"curies":[{"name":"wp","href":"https:\/\/api.w.org\/{rel}","templated":true}]}}