{"id":2355,"date":"2014-07-05T12:33:48","date_gmt":"2014-07-05T10:33:48","guid":{"rendered":"http:\/\/hbg-koeln.de\/?p=2355"},"modified":"2014-07-05T12:33:48","modified_gmt":"2014-07-05T10:33:48","slug":"nous-voila-a-liege-la-belgique","status":"publish","type":"post","link":"https:\/\/hbg-koeln.de\/?p=2355","title":{"rendered":"Nous voil\u00e0 \u00e0 Li\u00e8ge, la Belgique!"},"content":{"rendered":"<p>Bereits in Sommerferienstimmung starteten die Franz\u00f6sisch-Kurse der 8. Klassen am vorletzten Schultag einen Ausflug in die charmante Stadt an der Maas: L\u00fcttich! Bei tollem Wetter erkundeten unsere Sch\u00fcler und Sch\u00fclerinnen die wallonische Stadt und hatten die M\u00f6glichkeit francophone Luft zu schnuppern. Allen hat es viel Spa\u00df gemacht und die Truppe w\u00fcnscht sch\u00f6ne Sommerferien! Bonnes vacances !!!\u00a0\u00a0\u00a0\u00a0\u00a0\u00a0\u00a0\u00a0\u00a0\u00a0\u00a0\u00a0\u00a0\u00a0\u00a0\u00a0 PER<\/p>\n<p>&nbsp;<\/p>\n","protected":false},"excerpt":{"rendered":"<p>Bereits in Sommerferienstimmung starteten die Franz\u00f6sisch-Kurse der 8. Klassen am vorletzten Schultag einen Ausflug in die charmante Stadt an der Maas: L\u00fcttich! Bei tollem Wetter erkundeten unsere Sch\u00fcler und Sch\u00fclerinnen die wallonische Stadt und hatten die<a class=\"moretag\" href=\"https:\/\/hbg-koeln.de\/?p=2355\">Read More&#8230;<\/a><\/p>\n","protected":false},"author":11,"featured_media":0,"comment_status":"closed","ping_status":"open","sticky":false,"template":"","format":"standard","meta":{"ngg_post_thumbnail":0,"footnotes":""},"categories":[1],"tags":[],"class_list":["post-2355","post","type-post","status-publish","format-standard","hentry","category-allgemein"],"_links":{"self":[{"href":"https:\/\/hbg-koeln.de\/index.php?rest_route=\/wp\/v2\/posts\/2355","targetHints":{"allow":["GET"]}}],"collection":[{"href":"https:\/\/hbg-koeln.de\/index.php?rest_route=\/wp\/v2\/posts"}],"about":[{"href":"https:\/\/hbg-koeln.de\/index.php?rest_route=\/wp\/v2\/types\/post"}],"author":[{"embeddable":true,"href":"https:\/\/hbg-koeln.de\/index.php?rest_route=\/wp\/v2\/users\/11"}],"replies":[{"embeddable":true,"href":"https:\/\/hbg-koeln.de\/index.php?rest_route=%2Fwp%2Fv2%2Fcomments&post=2355"}],"version-history":[{"count":2,"href":"https:\/\/hbg-koeln.de\/index.php?rest_route=\/wp\/v2\/posts\/2355\/revisions"}],"predecessor-version":[{"id":2357,"href":"https:\/\/hbg-koeln.de\/index.php?rest_route=\/wp\/v2\/posts\/2355\/revisions\/2357"}],"wp:attachment":[{"href":"https:\/\/hbg-koeln.de\/index.php?rest_route=%2Fwp%2Fv2%2Fmedia&parent=2355"}],"wp:term":[{"taxonomy":"category","embeddable":true,"href":"https:\/\/hbg-koeln.de\/index.php?rest_route=%2Fwp%2Fv2%2Fcategories&post=2355"},{"taxonomy":"post_tag","embeddable":true,"href":"https:\/\/hbg-koeln.de\/index.php?rest_route=%2Fwp%2Fv2%2Ftags&post=2355"}],"curies":[{"name":"wp","href":"https:\/\/api.w.org\/{rel}","templated":true}]}}