{"id":2360,"date":"2014-08-18T21:38:41","date_gmt":"2014-08-18T19:38:41","guid":{"rendered":"http:\/\/hbg-koeln.de\/?p=2360"},"modified":"2014-08-18T21:38:41","modified_gmt":"2014-08-18T19:38:41","slug":"erster-schultag-neue-11-er","status":"publish","type":"post","link":"https:\/\/hbg-koeln.de\/?p=2360","title":{"rendered":"Erster Schultag neue 11-er"},"content":{"rendered":"<h1><strong>Erster Schultag f\u00fcr die neuen 11-er an der HBG<\/strong><\/h1>\n<p>&nbsp;<\/p>\n<ul>\n<li>Das Schuljahr beginnt f\u00fcr die Sch\u00fcler und Sch\u00fclerinnen, die von au\u00dfen auf unsere Schule kommen, am Mittwoch, den 20.08.2014 um 8.00 Uhr (Treffpunkt: Flur D-Bereich).<\/li>\n<li>F\u00fcr die Sch\u00fcler und Sch\u00fclerinnen, die aus unserer Schule in die Oberstufe gehen, beginnt die Schule am Mittwoch, den 20.08.2014 um 8.45 Uhr (Treffpunkt: PZ).<\/li>\n<\/ul>\n<p>T. Schulz<\/p>\n","protected":false},"excerpt":{"rendered":"<p>Erster Schultag f\u00fcr die neuen 11-er an der HBG &nbsp; Das Schuljahr beginnt f\u00fcr die Sch\u00fcler und Sch\u00fclerinnen, die von au\u00dfen auf unsere Schule kommen, am Mittwoch, den 20.08.2014 um 8.00 Uhr (Treffpunkt: Flur D-Bereich). F\u00fcr<a class=\"moretag\" href=\"https:\/\/hbg-koeln.de\/?p=2360\">Read More&#8230;<\/a><\/p>\n","protected":false},"author":1,"featured_media":0,"comment_status":"closed","ping_status":"open","sticky":false,"template":"","format":"standard","meta":{"ngg_post_thumbnail":0,"footnotes":""},"categories":[1],"tags":[],"class_list":["post-2360","post","type-post","status-publish","format-standard","hentry","category-allgemein"],"_links":{"self":[{"href":"https:\/\/hbg-koeln.de\/index.php?rest_route=\/wp\/v2\/posts\/2360","targetHints":{"allow":["GET"]}}],"collection":[{"href":"https:\/\/hbg-koeln.de\/index.php?rest_route=\/wp\/v2\/posts"}],"about":[{"href":"https:\/\/hbg-koeln.de\/index.php?rest_route=\/wp\/v2\/types\/post"}],"author":[{"embeddable":true,"href":"https:\/\/hbg-koeln.de\/index.php?rest_route=\/wp\/v2\/users\/1"}],"replies":[{"embeddable":true,"href":"https:\/\/hbg-koeln.de\/index.php?rest_route=%2Fwp%2Fv2%2Fcomments&post=2360"}],"version-history":[{"count":1,"href":"https:\/\/hbg-koeln.de\/index.php?rest_route=\/wp\/v2\/posts\/2360\/revisions"}],"predecessor-version":[{"id":2361,"href":"https:\/\/hbg-koeln.de\/index.php?rest_route=\/wp\/v2\/posts\/2360\/revisions\/2361"}],"wp:attachment":[{"href":"https:\/\/hbg-koeln.de\/index.php?rest_route=%2Fwp%2Fv2%2Fmedia&parent=2360"}],"wp:term":[{"taxonomy":"category","embeddable":true,"href":"https:\/\/hbg-koeln.de\/index.php?rest_route=%2Fwp%2Fv2%2Fcategories&post=2360"},{"taxonomy":"post_tag","embeddable":true,"href":"https:\/\/hbg-koeln.de\/index.php?rest_route=%2Fwp%2Fv2%2Ftags&post=2360"}],"curies":[{"name":"wp","href":"https:\/\/api.w.org\/{rel}","templated":true}]}}