{"id":2404,"date":"2014-09-04T20:16:29","date_gmt":"2014-09-04T18:16:29","guid":{"rendered":"http:\/\/hbg-koeln.de\/?p=2404"},"modified":"2014-09-04T20:16:29","modified_gmt":"2014-09-04T18:16:29","slug":"preisverleihung-an-die-umweltschutzgruppe","status":"publish","type":"post","link":"https:\/\/hbg-koeln.de\/?p=2404","title":{"rendered":"Preisverleihung an die Umweltschutzgruppe"},"content":{"rendered":"<p>Am Sonntag, den 07.09.2014, wird im Historischen Rathaus der Stadt K\u00f6ln der Ehrenamtspreis 2014 unter dem Motto &#8222;Eine Frage der Ehre&#8220; durch den K\u00f6lner Oberb\u00fcrgermeister Roters verliehen.<\/p>\n<p>Der Sonderpreis f\u00fcr K\u00f6lner Schulen wird nun zum 9. Mal an die ehrenamtlichen B\u00fcrger der Stadt K\u00f6ln \u00fcbergeben.<\/p>\n<p>In diesem Jahr freut sich unsere Umweltschutzgruppe um den Leiter Hans-Joachim Dorbach \u00fcber die W\u00fcrdigung. Er f\u00f6rdert seit nunmehr 35 Jahren den Umweltschutz und tr\u00e4gt mit seinem Engagement wesentlich zum Umweltbewusstsein unserer Sch\u00fcler bei.<\/p>\n<p>&nbsp;<\/p>\n<p>&nbsp;<\/p>\n","protected":false},"excerpt":{"rendered":"<p>Am Sonntag, den 07.09.2014, wird im Historischen Rathaus der Stadt K\u00f6ln der Ehrenamtspreis 2014 unter dem Motto &#8222;Eine Frage der Ehre&#8220; durch den K\u00f6lner Oberb\u00fcrgermeister Roters verliehen. Der Sonderpreis f\u00fcr K\u00f6lner Schulen wird nun zum 9.<a class=\"moretag\" href=\"https:\/\/hbg-koeln.de\/?p=2404\">Read More&#8230;<\/a><\/p>\n","protected":false},"author":11,"featured_media":0,"comment_status":"closed","ping_status":"open","sticky":false,"template":"","format":"standard","meta":{"ngg_post_thumbnail":0,"footnotes":""},"categories":[1],"tags":[],"class_list":["post-2404","post","type-post","status-publish","format-standard","hentry","category-allgemein"],"_links":{"self":[{"href":"https:\/\/hbg-koeln.de\/index.php?rest_route=\/wp\/v2\/posts\/2404","targetHints":{"allow":["GET"]}}],"collection":[{"href":"https:\/\/hbg-koeln.de\/index.php?rest_route=\/wp\/v2\/posts"}],"about":[{"href":"https:\/\/hbg-koeln.de\/index.php?rest_route=\/wp\/v2\/types\/post"}],"author":[{"embeddable":true,"href":"https:\/\/hbg-koeln.de\/index.php?rest_route=\/wp\/v2\/users\/11"}],"replies":[{"embeddable":true,"href":"https:\/\/hbg-koeln.de\/index.php?rest_route=%2Fwp%2Fv2%2Fcomments&post=2404"}],"version-history":[{"count":1,"href":"https:\/\/hbg-koeln.de\/index.php?rest_route=\/wp\/v2\/posts\/2404\/revisions"}],"predecessor-version":[{"id":2405,"href":"https:\/\/hbg-koeln.de\/index.php?rest_route=\/wp\/v2\/posts\/2404\/revisions\/2405"}],"wp:attachment":[{"href":"https:\/\/hbg-koeln.de\/index.php?rest_route=%2Fwp%2Fv2%2Fmedia&parent=2404"}],"wp:term":[{"taxonomy":"category","embeddable":true,"href":"https:\/\/hbg-koeln.de\/index.php?rest_route=%2Fwp%2Fv2%2Fcategories&post=2404"},{"taxonomy":"post_tag","embeddable":true,"href":"https:\/\/hbg-koeln.de\/index.php?rest_route=%2Fwp%2Fv2%2Ftags&post=2404"}],"curies":[{"name":"wp","href":"https:\/\/api.w.org\/{rel}","templated":true}]}}