{"id":2556,"date":"2014-10-30T19:21:29","date_gmt":"2014-10-30T17:21:29","guid":{"rendered":"http:\/\/hbg-koeln.de\/?p=2556"},"modified":"2014-11-04T10:29:08","modified_gmt":"2014-11-04T08:29:08","slug":"tag-der-offenen-tuer","status":"publish","type":"post","link":"https:\/\/hbg-koeln.de\/?p=2556","title":{"rendered":"Tag der offenen T\u00fcr"},"content":{"rendered":"<h2>Tag der offenen T\u00fcr am 29.11.2014 von 9.00 \u2013 13.00 Uhr<\/h2>\n<p>Herzlich laden wir Ihr Kind und Sie ein,<\/p>\n<p>die Heinrich-B\u00f6ll-Gesamtschule zu besuchen und kennenzulernen!<\/p>\n<p>Unser Angebot am Tag der offenen T\u00fcr umfasst:<\/p>\n<ul>\n<li>Unterrichtshospitationen im 5. und 6. Schuljahr f\u00fcr Kinder und Eltern der 4. Grundschulklassen, (Eintrittskarten gibt es am Tag der offenen T\u00fcr vor unserem Sekretariat),<\/li>\n<li>F\u00fchrungen durch unsere Schule (ab 10 Uhr),<\/li>\n<li>Informationen zu F\u00e4chern, Abschl\u00fcssen, F\u00f6rder- und Forderm\u00f6glichkeiten unserer Schule im PZ,<\/li>\n<li>Pr\u00e4sentationen unserer AGs und unsere Ganztagsangebote vor der B\u00f6ll-Oase und dem FZ,<\/li>\n<li>Auftritte unserer Sch\u00fclerbands und weitere kulturelle Beitr\u00e4ge,<\/li>\n<li>Ausstellung unseres NW-, Informatik-, Hauswirtschaft- und Technikbereichs,<\/li>\n<li>kulinarische Angebote in unserer Mensa und im PZ,<\/li>\n<li>Geschwisterbetreuung mit Spiel- und Bastelprogramm,<\/li>\n<li>die Besichtigung unserer Sch\u00fclerbibliothek.<\/li>\n<\/ul>\n<p>Die Anmeldungen f\u00fcr das Schuljahr 2015\/16 finden statt vom 2.2. \u2013 6.2.2015.<\/p>\n<p><strong>WICHTIG:<\/strong><\/p>\n<p>Bitte vereinbaren Sie ab dem 29.11.2014 Anmeldetermine \u00fcber das Sekretariat (Tel. 0221\/261070).<\/p>\n<p>Weitere Informationen zu unseren unterrichtlichen Angeboten sowie zur Anmeldung des neuen 5. Jahrgangs (Schuljahr 2015\/16) erhalten Sie am Tag der offenen T\u00fcr am Informationsstand im Eingangsbereich.<\/p>\n<p style=\"text-align: center;\"><em>Wir freuen uns sehr auf Sie und Ihr Kind!<\/em><\/p>\n<p>&nbsp;<\/p>\n<h2>Oberstufe<\/h2>\n<p>An unserer Heinrich-B\u00f6ll-Gesamtschule kannst du, wenn du die Voraussetzungen erf\u00fcllst, die Einf\u00fchrungsphase und die Qualifikationsphasen (Stufen 11 bis 13) der gymnasialen Oberstufe besuchen. Ziel ist die Allgemeine Hochschulreife \u2013 das Abitur<\/p>\n<p><span style=\"color: #ff0000;\"><strong>Im Rahmen unseres Tages der offenen T\u00fcr laden wir alle interessierte Sch\u00fclerInnen anderer Schulen zu einer Pr\u00e4sentation unserer Oberstufe am Samstag, den 29.\u00a0November 2014, 11:00 Uhr, im Oberstufenzentrum unserer Schule ein.<\/strong><\/span><\/p>\n<p>Wir wollen dir darstellen,<\/p>\n<ul>\n<li>wie unsere Oberstufe gestaltet ist,<\/li>\n<li>welche F\u00e4cher und Projekte wir anbieten,<\/li>\n<li>mit welchen Methoden wir lehren und lernen,<\/li>\n<li>welche Voraussetzungen du erf\u00fcllen solltest, damit du in der Oberstufe erfolgreich bist.<\/li>\n<\/ul>\n<p>&nbsp;<\/p>\n<p>Wir w\u00fcrden uns freuen, wenn wir Dich begr\u00fc\u00dfen \u2013 und Dir unser Bildungsangebot erl\u00e4utern k\u00f6nnen.<br \/>\nT. Schulz &#8211; Oberstufenleiter<\/p>\n<p>&nbsp;<\/p>\n","protected":false},"excerpt":{"rendered":"<p>Tag der offenen T\u00fcr am 29.11.2014 von 9.00 \u2013 13.00 Uhr Herzlich laden wir Ihr Kind und Sie ein, die Heinrich-B\u00f6ll-Gesamtschule zu besuchen und kennenzulernen! Unser Angebot am Tag der offenen T\u00fcr umfasst: Unterrichtshospitationen im 5.<a class=\"moretag\" href=\"https:\/\/hbg-koeln.de\/?p=2556\">Read More&#8230;<\/a><\/p>\n","protected":false},"author":7,"featured_media":0,"comment_status":"closed","ping_status":"open","sticky":false,"template":"","format":"standard","meta":{"ngg_post_thumbnail":0,"footnotes":""},"categories":[1],"tags":[],"class_list":["post-2556","post","type-post","status-publish","format-standard","hentry","category-allgemein"],"_links":{"self":[{"href":"https:\/\/hbg-koeln.de\/index.php?rest_route=\/wp\/v2\/posts\/2556","targetHints":{"allow":["GET"]}}],"collection":[{"href":"https:\/\/hbg-koeln.de\/index.php?rest_route=\/wp\/v2\/posts"}],"about":[{"href":"https:\/\/hbg-koeln.de\/index.php?rest_route=\/wp\/v2\/types\/post"}],"author":[{"embeddable":true,"href":"https:\/\/hbg-koeln.de\/index.php?rest_route=\/wp\/v2\/users\/7"}],"replies":[{"embeddable":true,"href":"https:\/\/hbg-koeln.de\/index.php?rest_route=%2Fwp%2Fv2%2Fcomments&post=2556"}],"version-history":[{"count":5,"href":"https:\/\/hbg-koeln.de\/index.php?rest_route=\/wp\/v2\/posts\/2556\/revisions"}],"predecessor-version":[{"id":2562,"href":"https:\/\/hbg-koeln.de\/index.php?rest_route=\/wp\/v2\/posts\/2556\/revisions\/2562"}],"wp:attachment":[{"href":"https:\/\/hbg-koeln.de\/index.php?rest_route=%2Fwp%2Fv2%2Fmedia&parent=2556"}],"wp:term":[{"taxonomy":"category","embeddable":true,"href":"https:\/\/hbg-koeln.de\/index.php?rest_route=%2Fwp%2Fv2%2Fcategories&post=2556"},{"taxonomy":"post_tag","embeddable":true,"href":"https:\/\/hbg-koeln.de\/index.php?rest_route=%2Fwp%2Fv2%2Ftags&post=2556"}],"curies":[{"name":"wp","href":"https:\/\/api.w.org\/{rel}","templated":true}]}}