{"id":2806,"date":"2015-03-12T11:15:49","date_gmt":"2015-03-12T09:15:49","guid":{"rendered":"http:\/\/hbg-koeln.de\/?p=2806"},"modified":"2015-03-12T11:15:49","modified_gmt":"2015-03-12T09:15:49","slug":"neue-11-informationsveranstaltungen","status":"publish","type":"post","link":"https:\/\/hbg-koeln.de\/?p=2806","title":{"rendered":"Neue 11 &#8211; Informationsveranstaltungen"},"content":{"rendered":"<h2>Sch\u00fclerinformation<\/h2>\n<p>Am Montag, den 16.03.2015 findet eine umfassende Sch\u00fclerinformationsveranstaltung zu allen Fragen der Oberstufe statt.<\/p>\n<p>Die Veranstaltung startet um 8 Uhr im PZ. Eingeladen sind alle Sch\u00fclerinnen und Sch\u00fcler unserer Schule, die zum Halbjahr die Qualifikation (FORQ) hatten und die Sch\u00fclerinnen und Sch\u00fcler von anderen Schulen, die das Bewerbungsverfahren erfolgreich durchlaufen haben.<\/p>\n<h2>Elternabend<\/h2>\n<p><span style=\"font-size: medium;\">Die Eltern sind dann <\/span><b><span style=\"font-family: Calibri,Calibri; font-size: medium;\">am Dienstag, den 24.03.2015 <\/span><\/b><span style=\"font-size: medium;\">herzlich zum <\/span><b><span style=\"font-family: Calibri,Calibri; font-size: medium;\">Elternabend <\/span><\/b><span style=\"font-size: medium;\">eingeladen. <\/span><\/p>\n<ul>\n<li>Wahl der Pflegschaftsvorsitzenden und ihrer Vertreter(innen)<\/li>\n<li>Unterricht in der Oberstufe<\/li>\n<li>F\u00e4cherbelegung in der Oberstufe<\/li>\n<li>schulinterne Regelungen der Heinrich B\u00f6ll Gesamtschule<\/li>\n<\/ul>\n<p><span style=\"font-size: medium;\">Der Elternabend beginnt um <\/span><b><span style=\"font-family: Calibri,Calibri; font-size: medium;\"><span style=\"font-family: Calibri,Calibri; font-size: medium;\">19.00 Uhr in Raum D109. <\/span><\/span><\/b><\/p>\n<p>Mit freundlichen Gr\u00fc\u00dfen<\/p>\n<p>Thomas Schulz Abteilungsleiter Sekundarstufe II<br \/>\nHeinrich-B\u00f6ll-Gesamtschule<\/p>\n<p>&nbsp;<\/p>\n<p>&nbsp;<\/p>\n","protected":false},"excerpt":{"rendered":"<p>Sch\u00fclerinformation Am Montag, den 16.03.2015 findet eine umfassende Sch\u00fclerinformationsveranstaltung zu allen Fragen der Oberstufe statt. Die Veranstaltung startet um 8 Uhr im PZ. Eingeladen sind alle Sch\u00fclerinnen und Sch\u00fcler unserer Schule, die zum Halbjahr die Qualifikation<a class=\"moretag\" href=\"https:\/\/hbg-koeln.de\/?p=2806\">Read More&#8230;<\/a><\/p>\n","protected":false},"author":1,"featured_media":0,"comment_status":"closed","ping_status":"open","sticky":false,"template":"","format":"standard","meta":{"ngg_post_thumbnail":0,"footnotes":""},"categories":[1],"tags":[],"class_list":["post-2806","post","type-post","status-publish","format-standard","hentry","category-allgemein"],"_links":{"self":[{"href":"https:\/\/hbg-koeln.de\/index.php?rest_route=\/wp\/v2\/posts\/2806","targetHints":{"allow":["GET"]}}],"collection":[{"href":"https:\/\/hbg-koeln.de\/index.php?rest_route=\/wp\/v2\/posts"}],"about":[{"href":"https:\/\/hbg-koeln.de\/index.php?rest_route=\/wp\/v2\/types\/post"}],"author":[{"embeddable":true,"href":"https:\/\/hbg-koeln.de\/index.php?rest_route=\/wp\/v2\/users\/1"}],"replies":[{"embeddable":true,"href":"https:\/\/hbg-koeln.de\/index.php?rest_route=%2Fwp%2Fv2%2Fcomments&post=2806"}],"version-history":[{"count":1,"href":"https:\/\/hbg-koeln.de\/index.php?rest_route=\/wp\/v2\/posts\/2806\/revisions"}],"predecessor-version":[{"id":2807,"href":"https:\/\/hbg-koeln.de\/index.php?rest_route=\/wp\/v2\/posts\/2806\/revisions\/2807"}],"wp:attachment":[{"href":"https:\/\/hbg-koeln.de\/index.php?rest_route=%2Fwp%2Fv2%2Fmedia&parent=2806"}],"wp:term":[{"taxonomy":"category","embeddable":true,"href":"https:\/\/hbg-koeln.de\/index.php?rest_route=%2Fwp%2Fv2%2Fcategories&post=2806"},{"taxonomy":"post_tag","embeddable":true,"href":"https:\/\/hbg-koeln.de\/index.php?rest_route=%2Fwp%2Fv2%2Ftags&post=2806"}],"curies":[{"name":"wp","href":"https:\/\/api.w.org\/{rel}","templated":true}]}}