{"id":2965,"date":"2015-03-27T09:23:27","date_gmt":"2015-03-27T07:23:27","guid":{"rendered":"http:\/\/hbg-koeln.de\/?p=2965"},"modified":"2015-03-30T10:06:02","modified_gmt":"2015-03-30T08:06:02","slug":"sonnenfinsternis-2015","status":"publish","type":"post","link":"https:\/\/hbg-koeln.de\/?p=2965","title":{"rendered":"Sonnenfinsternis 2015"},"content":{"rendered":"<p>Leider verdeckte der Hochnebel die freie Sicht auf die Sonnenfinsternis am 20.M\u00e4rz 2015. Der Physik-Kurs von Herrn Dr.Weber trotzte dem Wetter und versuchte, gesch\u00fctzt mit Spezial-Brillen, einen Blick auf das spektakul\u00e4re Naturereignis zu erhaschen.<\/p>\n<p><a href=\"http:\/\/hbg-koeln.de\/wp-content\/uploads\/2015\/03\/SoFi2015.jpeg\"><img loading=\"lazy\" decoding=\"async\" class=\"aligncenter size-full wp-image-2966\" style=\"border: 1px solid black;\" src=\"http:\/\/hbg-koeln.de\/wp-content\/uploads\/2015\/03\/SoFi2015.jpeg\" alt=\"\" width=\"960\" height=\"540\" srcset=\"https:\/\/hbg-koeln.de\/wp-content\/uploads\/2015\/03\/SoFi2015.jpeg 960w, https:\/\/hbg-koeln.de\/wp-content\/uploads\/2015\/03\/SoFi2015-300x169.jpeg 300w\" sizes=\"auto, (max-width: 960px) 100vw, 960px\" \/><\/a><\/p>\n<p>&nbsp;<\/p>\n","protected":false},"excerpt":{"rendered":"<p>Leider verdeckte der Hochnebel die freie Sicht auf die Sonnenfinsternis am 20.M\u00e4rz 2015. Der Physik-Kurs von Herrn Dr.Weber trotzte dem Wetter und versuchte, gesch\u00fctzt mit Spezial-Brillen, einen Blick auf das spektakul\u00e4re Naturereignis zu erhaschen. &nbsp;<\/p>\n","protected":false},"author":7,"featured_media":0,"comment_status":"closed","ping_status":"open","sticky":false,"template":"","format":"standard","meta":{"ngg_post_thumbnail":0,"footnotes":""},"categories":[1],"tags":[],"class_list":["post-2965","post","type-post","status-publish","format-standard","hentry","category-allgemein"],"_links":{"self":[{"href":"https:\/\/hbg-koeln.de\/index.php?rest_route=\/wp\/v2\/posts\/2965","targetHints":{"allow":["GET"]}}],"collection":[{"href":"https:\/\/hbg-koeln.de\/index.php?rest_route=\/wp\/v2\/posts"}],"about":[{"href":"https:\/\/hbg-koeln.de\/index.php?rest_route=\/wp\/v2\/types\/post"}],"author":[{"embeddable":true,"href":"https:\/\/hbg-koeln.de\/index.php?rest_route=\/wp\/v2\/users\/7"}],"replies":[{"embeddable":true,"href":"https:\/\/hbg-koeln.de\/index.php?rest_route=%2Fwp%2Fv2%2Fcomments&post=2965"}],"version-history":[{"count":2,"href":"https:\/\/hbg-koeln.de\/index.php?rest_route=\/wp\/v2\/posts\/2965\/revisions"}],"predecessor-version":[{"id":2988,"href":"https:\/\/hbg-koeln.de\/index.php?rest_route=\/wp\/v2\/posts\/2965\/revisions\/2988"}],"wp:attachment":[{"href":"https:\/\/hbg-koeln.de\/index.php?rest_route=%2Fwp%2Fv2%2Fmedia&parent=2965"}],"wp:term":[{"taxonomy":"category","embeddable":true,"href":"https:\/\/hbg-koeln.de\/index.php?rest_route=%2Fwp%2Fv2%2Fcategories&post=2965"},{"taxonomy":"post_tag","embeddable":true,"href":"https:\/\/hbg-koeln.de\/index.php?rest_route=%2Fwp%2Fv2%2Ftags&post=2965"}],"curies":[{"name":"wp","href":"https:\/\/api.w.org\/{rel}","templated":true}]}}