{"id":2970,"date":"2015-03-27T19:19:41","date_gmt":"2015-03-27T17:19:41","guid":{"rendered":"http:\/\/hbg-koeln.de\/?p=2970"},"modified":"2015-03-30T10:05:25","modified_gmt":"2015-03-30T08:05:25","slug":"dfb-integrationspreis-fuer-die-hbg","status":"publish","type":"post","link":"https:\/\/hbg-koeln.de\/?p=2970","title":{"rendered":"DFB-Integrationspreis f\u00fcr die HBG"},"content":{"rendered":"<p>Am Donnerstag (26. M\u00e4rz) wurde die Heinrich B\u00f6ll Gesamtschule K\u00f6ln im Rahmen einer festlichen Gala im Frankfurter Palais Thurn und Taxis von DFB-Pr\u00e4sident Wolfgang Niersbach mit dem DFB-Integrationspreis in der Kategorie Schule gek\u00fcrt.<\/p>\n<p>Gemeinsam mit dem FC St. Pauli gewann der 1999 von Reinhold Beckmann gegr\u00fcndete gemeinn\u00fctzige Verein NestWerk e.V. den Sonderpreis f\u00fcr seine herausragende Integrationsarbeit. In der Kategorie Verein k\u00fcrte die Jury um Wolfgang Niersbach den SV Lindenau. Die Geschwister Scholl Schule aus Seelze siegte in der Kategorie Schule. Unter den freien und kommunalen Tr\u00e4gern \u00fcberzeugte der Sportkreis Stuttgart.<\/p>\n<p>\u00dcber die Auszeichnung mit dem Sonderpreis freute sich der prominente Mitbegr\u00fcnder von NestWerk e.V., Reinhold Beckmann: \u201eWir haben schon einige Auszeichnungen f\u00fcr NestWerk bekommen, dieser Preis aber ist etwas Besonderes.\u201c<\/p>\n<p>Die Preistr\u00e4ger wurden am Donnerstagabend im Rahmen einer festlichen Gala im Frankfurter Palais Thurn und Taxis von DFB-Pr\u00e4sident Wolfgang Niersbach, Oliver Bierhoff, Manager der deutschen Fu\u00dfball-Nationalmannschaft und Laura Tilly, Senior Manager Global Diversity Office der Daimler AG, geehrt. Deutschlands h\u00f6chst dotierter Sozialpreis wird seit 2007 j\u00e4hrlich von Mercedes-Benz und vom DFB verliehen. Die Erstplatzierten erhalten f\u00fcr ihr Engagement einen Mercedes-Benz Vito, den Allrounder unter den Transportern im Wert von \u00fcber \u20ac 54.500. Den Zweit- und Drittplatzierten kommen Geldpreise von \u20ac 10.000 und \u20ac 5.000 zugute. In den vergangenen acht Jahren wurden in Sach- und Geldpreisen \u00fcber 1,2 Millionen Euro ausgezahlt.<\/p>\n<p>Die Vertreterin der Daimler AG, Laura Tilly, sagte: \u201eKulturelle Vielfalt im Team ist ein Wert, der sowohl in unserer Gesellschaft und im Sport, als auch in der Automobilindustrie kontinuierlich gest\u00e4rkt werden muss. Dadurch sichern wir uns eine Quelle kreativer und innovativer Arbeit. Auch bei Daimler f\u00f6rdern wir Integrit\u00e4t und Vielfalt ganz gezielt.\u201c<\/p>\n<p>\u201eDer Fu\u00dfball steht f\u00fcr Integration. Gerader der kleine Fu\u00dfballverein ist der Ort, wo man sich trifft\u201c, so DFB-Pr\u00e4sident Wolfgang Niersbach. \u201eIm Fu\u00dfballverein wird ungeheuer viel f\u00fcr das Miteinander geleistet, auch \u00fcber Sprachbarrieren oder kulturelle Unterschiede hinweg.\u201c<\/p>\n<p>Die Verantwortlichen des SV Lindenau sind den ersten Schritt auf Fl\u00fcchtlingsheime in Leipzig zugegangen und erleben ein enorm positives Echo. Kinder, u.a. aus Syrien, dem Libanon und Afghanistan, trainieren und spielen in den Jugendmannschaften des Klubs \u2013 die Mitglieder unterst\u00fctzen, wo sie k\u00f6nnen. So werden Spielsachen und auch schon mal eine komplette Wohnzimmereinrichtung gespendet. Dieses vorbildliche Engagement wird mit dem 1. Preis in der Kategorie Verein ausgezeichnet.<\/p>\n<p>An der Geschwister-Scholl-Schule in Seelze verfolgt Rektorin Alexandra Khallafi mit der seit 2008 stattfindenden Fu\u00dfball-AG vor allem Ziele der Wertevermittlung. Viele der etwa 200 M\u00e4dchen und Jungen an dieser Brennpunktschule waren bereits polizeilich in Erscheinung getreten. Khalafi sagt: \u201eSind die Hausaufgaben gemacht, ist der Sch\u00fcler p\u00fcnktlich? All das verbessert sich durch die Teilnahme an der Fu\u00dfball-AG.\u201c In der Kategorie Schule wird dieses Projekt mit dem 1. Preis geehrt.<\/p>\n<p>Der Sportkreis Stuttgart hat eine lange Tradition und spricht mit seinen Sportangeboten eine gro\u00dfe Anzahl Kinder und Jugendliche in der schw\u00e4bischen Metropole an. Pro Jahr erreicht man so 30.000 Kinder und Jugendliche. So ist \u201eKick mit \u2013 Fu\u00dfball verbindet\u201c eine kostenlose niedrigschwellige Fu\u00dfballturnierserie f\u00fcr Jugendliche zwischen 9 und 17 Jahren. Bereits seit 2006 bietet man mit \u201aNachtaktiv\u2018 der Stuttgarter Jugend ein Mitternachtssportangebot an. Ausgezeichnet wird das Stuttgarter Projekt mit dem 1. Preis in der Kategorie freie und kommunale Tr\u00e4ger.<\/p>\n<p>Kategorie Verein:<br \/>\n1.SV Lindenau (S\u00e4chsischer FV)<br \/>\n2.FSV Dornberg (Badischer FV)<br \/>\n3.FC S\u00fcderelbe (Hamburger FCV<\/p>\n<p>Kategorie Schule:<br \/>\n1.Geschwister Scholl Schule Seelze (Niedersachsen)<br \/>\n2.Sonnenblumenschule Langen (Hessen)<br \/>\n3.Grundschule Karlstra\u00dfe Wolfenb\u00fcttel<br \/>\nund Heinrich B\u00f6ll Gesamtschule K\u00f6ln<\/p>\n<p>Kategorie freie und kommunale Tr\u00e4ger:<br \/>\n1.Sportkreis Stuttgart<br \/>\n2.Augen auf e.V. (Sachsen)<br \/>\n3.Kolping Bildungswerk Kaufbeuren<\/p>\n<p>Sonderpreis:<br \/>\nFC. St. Pauli und NestWerk e.V. (Hamburg)<\/p>\n<p>Der nachfolgende Link f\u00fchrt zum Projekt der Heinrich-B\u00f6ll-Gesamtschule aus K\u00f6ln-Chorweiler auf DFB-TV.<\/p>\n<p>(dfb) \/ Fotos Getty Images<\/p>\n<p>Links:<br \/>\n<a href=\"%20tv.dfb.de\/video\/100-prozent-fussballer-heinrich-boell-gesamtschule-koeln\/10569\/\">tv.dfb.de\/video\/100-prozent-fussballer-heinrich-boell-gesamtschule-koeln\/10569\/<\/a><\/p>\n<p>Hier der Film zum Projekt: <a href=\"http:\/\/tv.dfb.de\/video\/100-prozent-fussballer-heinrich-boell-gesamtschule-koeln\/10569\/\" target=\"_blank\">LINK<br \/>\nA<\/a>rtikel im Express: <a href=\"http:\/\/www.express.de\/koeln\/gesamtschule-aus-chorweiler-ausgezeichnet-dfb-integrationspreis-fuer-koelner-schule,2856,30240944.html\" target=\"_blank\">LINK<\/a><\/p>\n<p>Herzlichen Gl\u00fcckwunsch und vielen Dank an Alle, die dieses gro\u00dfartige Projekt erm\u00f6glicht haben!<br \/>\n<a href=\"http:\/\/hbg-koeln.de\/wp-content\/uploads\/2015\/03\/dfb-integrationspreis.jpeg\"><img loading=\"lazy\" decoding=\"async\" class=\"aligncenter size-full wp-image-2975\" style=\"border: 1px solid black;\" src=\"http:\/\/hbg-koeln.de\/wp-content\/uploads\/2015\/03\/dfb-integrationspreis.jpeg\" alt=\"\" width=\"1360\" height=\"765\" srcset=\"https:\/\/hbg-koeln.de\/wp-content\/uploads\/2015\/03\/dfb-integrationspreis.jpeg 1360w, https:\/\/hbg-koeln.de\/wp-content\/uploads\/2015\/03\/dfb-integrationspreis-300x169.jpeg 300w, https:\/\/hbg-koeln.de\/wp-content\/uploads\/2015\/03\/dfb-integrationspreis-1024x576.jpeg 1024w\" sizes=\"auto, (max-width: 1360px) 100vw, 1360px\" \/><\/a><\/p>\n","protected":false},"excerpt":{"rendered":"<p>Am Donnerstag (26. M\u00e4rz) wurde die Heinrich B\u00f6ll Gesamtschule K\u00f6ln im Rahmen einer festlichen Gala im Frankfurter Palais Thurn und Taxis von DFB-Pr\u00e4sident Wolfgang Niersbach mit dem DFB-Integrationspreis in der Kategorie Schule gek\u00fcrt. Gemeinsam mit dem<a class=\"moretag\" href=\"https:\/\/hbg-koeln.de\/?p=2970\">Read More&#8230;<\/a><\/p>\n","protected":false},"author":2,"featured_media":0,"comment_status":"closed","ping_status":"open","sticky":false,"template":"","format":"standard","meta":{"ngg_post_thumbnail":0,"footnotes":""},"categories":[1],"tags":[],"class_list":["post-2970","post","type-post","status-publish","format-standard","hentry","category-allgemein"],"_links":{"self":[{"href":"https:\/\/hbg-koeln.de\/index.php?rest_route=\/wp\/v2\/posts\/2970","targetHints":{"allow":["GET"]}}],"collection":[{"href":"https:\/\/hbg-koeln.de\/index.php?rest_route=\/wp\/v2\/posts"}],"about":[{"href":"https:\/\/hbg-koeln.de\/index.php?rest_route=\/wp\/v2\/types\/post"}],"author":[{"embeddable":true,"href":"https:\/\/hbg-koeln.de\/index.php?rest_route=\/wp\/v2\/users\/2"}],"replies":[{"embeddable":true,"href":"https:\/\/hbg-koeln.de\/index.php?rest_route=%2Fwp%2Fv2%2Fcomments&post=2970"}],"version-history":[{"count":13,"href":"https:\/\/hbg-koeln.de\/index.php?rest_route=\/wp\/v2\/posts\/2970\/revisions"}],"predecessor-version":[{"id":2987,"href":"https:\/\/hbg-koeln.de\/index.php?rest_route=\/wp\/v2\/posts\/2970\/revisions\/2987"}],"wp:attachment":[{"href":"https:\/\/hbg-koeln.de\/index.php?rest_route=%2Fwp%2Fv2%2Fmedia&parent=2970"}],"wp:term":[{"taxonomy":"category","embeddable":true,"href":"https:\/\/hbg-koeln.de\/index.php?rest_route=%2Fwp%2Fv2%2Fcategories&post=2970"},{"taxonomy":"post_tag","embeddable":true,"href":"https:\/\/hbg-koeln.de\/index.php?rest_route=%2Fwp%2Fv2%2Ftags&post=2970"}],"curies":[{"name":"wp","href":"https:\/\/api.w.org\/{rel}","templated":true}]}}