{"id":3086,"date":"2015-05-25T07:43:54","date_gmt":"2015-05-25T05:43:54","guid":{"rendered":"http:\/\/hbg-koeln.de\/?p=3086"},"modified":"2015-05-31T08:36:53","modified_gmt":"2015-05-31T06:36:53","slug":"stadtmeisterschaften-der-koelner-schulen-im-radsport","status":"publish","type":"post","link":"https:\/\/hbg-koeln.de\/?p=3086","title":{"rendered":"Stadtmeisterschaften der K\u00f6lner Schulen im Radsport"},"content":{"rendered":"<p>Am Mittwoch, den 27.05.2015 ging es wieder rund in Chorweiler! \u00a0\u201eRund um die Heinrich-B\u00f6ll-Gesamtschule\u201c zum 27. Mal war angesagt und ca. 60 Sch\u00fclerinnen und Sch\u00fcler gingen an den Start, um die Stadtmeistertitel zu erringen. Alle Starter zeigten guten Leistungen und drei Rennen wurden durchgef\u00fchrt: U 15 (Jahrg\u00e4nge 2001\/02\/03), U 17 (Jahrg\u00e4nge 1999\/00) und \u201eZwei aus einer Klasse\u201c.<\/p>\n<p>Bei dem Rennen der U15 \u00fcber 16 km gewann Tim Teutenberg von der Gesamtschule Rodenkirchen vor Alexander Aymanns vom Anno Gymnasium in Siegburg. Bester HBG Rennfahrer war Kilian Riebeling aus dem 8. Jahrgang, der als f\u00fcnfter ins Ziel kam.<\/p>\n<p>Beim Paarzeitfahren \u201eZwei aus einer Klasse\u201c wurden unter lautstarken Anfeuerungsrufen der Mitsch\u00fcler wieder die Klassenfu\u00dfb\u00e4lle f\u00fcr die Jahrgangsschnellsten ausgefahren \u2013 f\u00fcr die Zuschauer ein absolutes Highlight.<\/p>\n<p>In der U17 siegte der Favorit Timo Funck, Heinrich-B\u00f6ll-Gesamtschule (9. Jg.) und ist damit neuer Stadtmeister. Vize Meister und nur knapp geschlagen wurde Till Bardenheuer, der im Vorjahr noch den Titel in der U15 holte.<\/p>\n<p>Dank vieler Helfer aus der Elternschaft, dem Lehrerkollegium und der Oberstufe lief alles reibungslos ab und bei sch\u00f6nem Wetter und guter Stimmung wurde bester Nachwuchsradsport geboten.<\/p>\n<p>Werner Schleicher<\/p>\n<p>Weitere Informationen finden Sie unter:\u00a0<a href=\"www.rsg-hbg.de\">www.rsg-hbg.de<\/a><\/p>\n<p><!-- default-view.php -->\n<div\n\tclass=\"ngg-galleryoverview default-view\n\t\t\"\n\tid=\"ngg-gallery-e0aca90531c4cbcc0af36666529b682f-1\"\n\tdata-nextgen-gallery-id=\"39\"\n\tdata-gallery-id=\"39\"\n\t\tdata-gallery-name=\"Radrennen2015\"\n\t>\n\n\t\t<!-- Thumbnails -->\n\t\t\t\t<div id=\"ngg-image-0\" class=\"ngg-gallery-thumbnail-box\n\t\t\t\t\t\t\t\t\t\t\t\"\n\t\t\t>\n\t\t\t\t\t\t<div class=\"ngg-gallery-thumbnail\">\n\t\t<a href=\"https:\/\/hbg-koeln.de\/wp-content\/gallery\/radrennen2015\/stadtmeisterschaft1.jpg?t=1433054217\"\n\t\t\ttitle=\"\"\n\t\t\tdata-src=\"https:\/\/hbg-koeln.de\/wp-content\/gallery\/radrennen2015\/stadtmeisterschaft1.jpg?t=1433054217\"\n\t\t\tdata-thumbnail=\"https:\/\/hbg-koeln.de\/wp-content\/gallery\/radrennen2015\/thumbs\/thumbs_stadtmeisterschaft1.jpg?t=1433054217\"\n\t\t\tdata-image-id=\"620\"\n\t\t\tdata-image-name=\"stadtmeisterschaft1.jpg\"\n\t\t\tdata-title=\"stadtmeisterschaft1\"\n\t\t\tdata-description=\"\"\n\t\t\tdata-image-slug=\"stadtmeisterschaft1\"\n\t\t\t\t\t\t\t\t\t\t\t\t\t\t\t\t\t\t\t\tclass=\"shutterset_e0aca90531c4cbcc0af36666529b682f\">\n\t\t\t\t\t\t\t\t<img\n\t\t\t\t\ttitle=\"stadtmeisterschaft1\"\n\t\t\t\t\talt=\"stadtmeisterschaft1\"\n\t\t\t\t\tsrc=\"https:\/\/hbg-koeln.de\/wp-content\/gallery\/radrennen2015\/thumbs\/thumbs_stadtmeisterschaft1.jpg?t=1433054217\"\n\t\t\t\t\twidth=\"100\"\n\t\t\t\t\theight=\"75\"\n\t\t\t\t\tstyle=\"max-width:100%;\"\n\t\t\t\t\/>\n\t\t\t<\/a>\n\t\t<\/div>\n\t\t\t\t\t\t\t<\/div>\n\t\t\t\n\t\t\t\t<div id=\"ngg-image-1\" class=\"ngg-gallery-thumbnail-box\n\t\t\t\t\t\t\t\t\t\t\t\"\n\t\t\t>\n\t\t\t\t\t\t<div class=\"ngg-gallery-thumbnail\">\n\t\t<a href=\"https:\/\/hbg-koeln.de\/wp-content\/gallery\/radrennen2015\/stadtmeisterschaft2.jpg?t=1433054102\"\n\t\t\ttitle=\" \"\n\t\t\tdata-src=\"https:\/\/hbg-koeln.de\/wp-content\/gallery\/radrennen2015\/stadtmeisterschaft2.jpg?t=1433054102\"\n\t\t\tdata-thumbnail=\"https:\/\/hbg-koeln.de\/wp-content\/gallery\/radrennen2015\/thumbs\/thumbs_stadtmeisterschaft2.jpg?t=1433054102\"\n\t\t\tdata-image-id=\"621\"\n\t\t\tdata-image-name=\"stadtmeisterschaft2.jpg\"\n\t\t\tdata-title=\"stadtmeisterschaft2\"\n\t\t\tdata-description=\" \"\n\t\t\tdata-image-slug=\"stadtmeisterschaft2\"\n\t\t\t\t\t\t\t\t\t\t\t\t\t\t\t\t\t\t\t\tclass=\"shutterset_e0aca90531c4cbcc0af36666529b682f\">\n\t\t\t\t\t\t\t\t<img\n\t\t\t\t\ttitle=\"stadtmeisterschaft2\"\n\t\t\t\t\talt=\"stadtmeisterschaft2\"\n\t\t\t\t\tsrc=\"https:\/\/hbg-koeln.de\/wp-content\/gallery\/radrennen2015\/thumbs\/thumbs_stadtmeisterschaft2.jpg?t=1433054102\"\n\t\t\t\t\twidth=\"100\"\n\t\t\t\t\theight=\"75\"\n\t\t\t\t\tstyle=\"max-width:100%;\"\n\t\t\t\t\/>\n\t\t\t<\/a>\n\t\t<\/div>\n\t\t\t\t\t\t\t<\/div>\n\t\t\t\n\t\t\t\t<div id=\"ngg-image-2\" class=\"ngg-gallery-thumbnail-box\n\t\t\t\t\t\t\t\t\t\t\t\"\n\t\t\t>\n\t\t\t\t\t\t<div class=\"ngg-gallery-thumbnail\">\n\t\t<a href=\"https:\/\/hbg-koeln.de\/wp-content\/gallery\/radrennen2015\/stadtmeisterschaft3.jpg?t=1433054103\"\n\t\t\ttitle=\" \"\n\t\t\tdata-src=\"https:\/\/hbg-koeln.de\/wp-content\/gallery\/radrennen2015\/stadtmeisterschaft3.jpg?t=1433054103\"\n\t\t\tdata-thumbnail=\"https:\/\/hbg-koeln.de\/wp-content\/gallery\/radrennen2015\/thumbs\/thumbs_stadtmeisterschaft3.jpg?t=1433054103\"\n\t\t\tdata-image-id=\"622\"\n\t\t\tdata-image-name=\"stadtmeisterschaft3.jpg\"\n\t\t\tdata-title=\"stadtmeisterschaft3\"\n\t\t\tdata-description=\" \"\n\t\t\tdata-image-slug=\"stadtmeisterschaft3\"\n\t\t\t\t\t\t\t\t\t\t\t\t\t\t\t\t\t\t\t\tclass=\"shutterset_e0aca90531c4cbcc0af36666529b682f\">\n\t\t\t\t\t\t\t\t<img\n\t\t\t\t\ttitle=\"stadtmeisterschaft3\"\n\t\t\t\t\talt=\"stadtmeisterschaft3\"\n\t\t\t\t\tsrc=\"https:\/\/hbg-koeln.de\/wp-content\/gallery\/radrennen2015\/thumbs\/thumbs_stadtmeisterschaft3.jpg?t=1433054103\"\n\t\t\t\t\twidth=\"100\"\n\t\t\t\t\theight=\"75\"\n\t\t\t\t\tstyle=\"max-width:100%;\"\n\t\t\t\t\/>\n\t\t\t<\/a>\n\t\t<\/div>\n\t\t\t\t\t\t\t<\/div>\n\t\t\t\n\t\t\t\t<div id=\"ngg-image-3\" class=\"ngg-gallery-thumbnail-box\n\t\t\t\t\t\t\t\t\t\t\t\"\n\t\t\t>\n\t\t\t\t\t\t<div class=\"ngg-gallery-thumbnail\">\n\t\t<a href=\"https:\/\/hbg-koeln.de\/wp-content\/gallery\/radrennen2015\/stadtmeisterschaft4.JPG?t=1433054109\"\n\t\t\ttitle=\" \"\n\t\t\tdata-src=\"https:\/\/hbg-koeln.de\/wp-content\/gallery\/radrennen2015\/stadtmeisterschaft4.JPG?t=1433054109\"\n\t\t\tdata-thumbnail=\"https:\/\/hbg-koeln.de\/wp-content\/gallery\/radrennen2015\/thumbs\/thumbs_stadtmeisterschaft4.JPG?t=1433054109\"\n\t\t\tdata-image-id=\"623\"\n\t\t\tdata-image-name=\"stadtmeisterschaft4.JPG\"\n\t\t\tdata-title=\"stadtmeisterschaft4\"\n\t\t\tdata-description=\" \"\n\t\t\tdata-image-slug=\"stadtmeisterschaft4\"\n\t\t\t\t\t\t\t\t\t\t\t\t\t\t\t\t\t\t\t\tclass=\"shutterset_e0aca90531c4cbcc0af36666529b682f\">\n\t\t\t\t\t\t\t\t<img\n\t\t\t\t\ttitle=\"stadtmeisterschaft4\"\n\t\t\t\t\talt=\"stadtmeisterschaft4\"\n\t\t\t\t\tsrc=\"https:\/\/hbg-koeln.de\/wp-content\/gallery\/radrennen2015\/thumbs\/thumbs_stadtmeisterschaft4.JPG?t=1433054109\"\n\t\t\t\t\twidth=\"100\"\n\t\t\t\t\theight=\"75\"\n\t\t\t\t\tstyle=\"max-width:100%;\"\n\t\t\t\t\/>\n\t\t\t<\/a>\n\t\t<\/div>\n\t\t\t\t\t\t\t<\/div>\n\t\t\t\n\t\t\t\t<div id=\"ngg-image-4\" class=\"ngg-gallery-thumbnail-box\n\t\t\t\t\t\t\t\t\t\t\t\"\n\t\t\t>\n\t\t\t\t\t\t<div class=\"ngg-gallery-thumbnail\">\n\t\t<a href=\"https:\/\/hbg-koeln.de\/wp-content\/gallery\/radrennen2015\/stadtmeisterschaft5.JPG?t=1433054121\"\n\t\t\ttitle=\" \"\n\t\t\tdata-src=\"https:\/\/hbg-koeln.de\/wp-content\/gallery\/radrennen2015\/stadtmeisterschaft5.JPG?t=1433054121\"\n\t\t\tdata-thumbnail=\"https:\/\/hbg-koeln.de\/wp-content\/gallery\/radrennen2015\/thumbs\/thumbs_stadtmeisterschaft5.JPG?t=1433054121\"\n\t\t\tdata-image-id=\"624\"\n\t\t\tdata-image-name=\"stadtmeisterschaft5.JPG\"\n\t\t\tdata-title=\"stadtmeisterschaft5\"\n\t\t\tdata-description=\" \"\n\t\t\tdata-image-slug=\"stadtmeisterschaft5\"\n\t\t\t\t\t\t\t\t\t\t\t\t\t\t\t\t\t\t\t\tclass=\"shutterset_e0aca90531c4cbcc0af36666529b682f\">\n\t\t\t\t\t\t\t\t<img\n\t\t\t\t\ttitle=\"stadtmeisterschaft5\"\n\t\t\t\t\talt=\"stadtmeisterschaft5\"\n\t\t\t\t\tsrc=\"https:\/\/hbg-koeln.de\/wp-content\/gallery\/radrennen2015\/thumbs\/thumbs_stadtmeisterschaft5.JPG?t=1433054121\"\n\t\t\t\t\twidth=\"100\"\n\t\t\t\t\theight=\"75\"\n\t\t\t\t\tstyle=\"max-width:100%;\"\n\t\t\t\t\/>\n\t\t\t<\/a>\n\t\t<\/div>\n\t\t\t\t\t\t\t<\/div>\n\t\t\t\n\t\t\t\t<div id=\"ngg-image-5\" class=\"ngg-gallery-thumbnail-box\n\t\t\t\t\t\t\t\t\t\t\t\"\n\t\t\t>\n\t\t\t\t\t\t<div class=\"ngg-gallery-thumbnail\">\n\t\t<a href=\"https:\/\/hbg-koeln.de\/wp-content\/gallery\/radrennen2015\/stadtmeisterschaft6.JPG?t=1433054127\"\n\t\t\ttitle=\" \"\n\t\t\tdata-src=\"https:\/\/hbg-koeln.de\/wp-content\/gallery\/radrennen2015\/stadtmeisterschaft6.JPG?t=1433054127\"\n\t\t\tdata-thumbnail=\"https:\/\/hbg-koeln.de\/wp-content\/gallery\/radrennen2015\/thumbs\/thumbs_stadtmeisterschaft6.JPG?t=1433054127\"\n\t\t\tdata-image-id=\"625\"\n\t\t\tdata-image-name=\"stadtmeisterschaft6.JPG\"\n\t\t\tdata-title=\"stadtmeisterschaft6\"\n\t\t\tdata-description=\" \"\n\t\t\tdata-image-slug=\"stadtmeisterschaft6\"\n\t\t\t\t\t\t\t\t\t\t\t\t\t\t\t\t\t\t\t\tclass=\"shutterset_e0aca90531c4cbcc0af36666529b682f\">\n\t\t\t\t\t\t\t\t<img\n\t\t\t\t\ttitle=\"stadtmeisterschaft6\"\n\t\t\t\t\talt=\"stadtmeisterschaft6\"\n\t\t\t\t\tsrc=\"https:\/\/hbg-koeln.de\/wp-content\/gallery\/radrennen2015\/thumbs\/thumbs_stadtmeisterschaft6.JPG?t=1433054127\"\n\t\t\t\t\twidth=\"100\"\n\t\t\t\t\theight=\"75\"\n\t\t\t\t\tstyle=\"max-width:100%;\"\n\t\t\t\t\/>\n\t\t\t<\/a>\n\t\t<\/div>\n\t\t\t\t\t\t\t<\/div>\n\t\t\t\n\t\t\t\t<div id=\"ngg-image-6\" class=\"ngg-gallery-thumbnail-box\n\t\t\t\t\t\t\t\t\t\t\t\"\n\t\t\t>\n\t\t\t\t\t\t<div class=\"ngg-gallery-thumbnail\">\n\t\t<a href=\"https:\/\/hbg-koeln.de\/wp-content\/gallery\/radrennen2015\/stadtmeisterschaft8.JPG?t=1433054138\"\n\t\t\ttitle=\" \"\n\t\t\tdata-src=\"https:\/\/hbg-koeln.de\/wp-content\/gallery\/radrennen2015\/stadtmeisterschaft8.JPG?t=1433054138\"\n\t\t\tdata-thumbnail=\"https:\/\/hbg-koeln.de\/wp-content\/gallery\/radrennen2015\/thumbs\/thumbs_stadtmeisterschaft8.JPG?t=1433054138\"\n\t\t\tdata-image-id=\"626\"\n\t\t\tdata-image-name=\"stadtmeisterschaft8.JPG\"\n\t\t\tdata-title=\"stadtmeisterschaft8\"\n\t\t\tdata-description=\" \"\n\t\t\tdata-image-slug=\"stadtmeisterschaft8\"\n\t\t\t\t\t\t\t\t\t\t\t\t\t\t\t\t\t\t\t\tclass=\"shutterset_e0aca90531c4cbcc0af36666529b682f\">\n\t\t\t\t\t\t\t\t<img\n\t\t\t\t\ttitle=\"stadtmeisterschaft8\"\n\t\t\t\t\talt=\"stadtmeisterschaft8\"\n\t\t\t\t\tsrc=\"https:\/\/hbg-koeln.de\/wp-content\/gallery\/radrennen2015\/thumbs\/thumbs_stadtmeisterschaft8.JPG?t=1433054138\"\n\t\t\t\t\twidth=\"100\"\n\t\t\t\t\theight=\"75\"\n\t\t\t\t\tstyle=\"max-width:100%;\"\n\t\t\t\t\/>\n\t\t\t<\/a>\n\t\t<\/div>\n\t\t\t\t\t\t\t<\/div>\n\t\t\t\n\t\t\t\t<div id=\"ngg-image-7\" class=\"ngg-gallery-thumbnail-box\n\t\t\t\t\t\t\t\t\t\t\t\"\n\t\t\t>\n\t\t\t\t\t\t<div class=\"ngg-gallery-thumbnail\">\n\t\t<a href=\"https:\/\/hbg-koeln.de\/wp-content\/gallery\/radrennen2015\/stadtmeisterschaft9.JPG?t=1433054151\"\n\t\t\ttitle=\" \"\n\t\t\tdata-src=\"https:\/\/hbg-koeln.de\/wp-content\/gallery\/radrennen2015\/stadtmeisterschaft9.JPG?t=1433054151\"\n\t\t\tdata-thumbnail=\"https:\/\/hbg-koeln.de\/wp-content\/gallery\/radrennen2015\/thumbs\/thumbs_stadtmeisterschaft9.JPG?t=1433054151\"\n\t\t\tdata-image-id=\"627\"\n\t\t\tdata-image-name=\"stadtmeisterschaft9.JPG\"\n\t\t\tdata-title=\"stadtmeisterschaft9\"\n\t\t\tdata-description=\" \"\n\t\t\tdata-image-slug=\"stadtmeisterschaft9\"\n\t\t\t\t\t\t\t\t\t\t\t\t\t\t\t\t\t\t\t\tclass=\"shutterset_e0aca90531c4cbcc0af36666529b682f\">\n\t\t\t\t\t\t\t\t<img\n\t\t\t\t\ttitle=\"stadtmeisterschaft9\"\n\t\t\t\t\talt=\"stadtmeisterschaft9\"\n\t\t\t\t\tsrc=\"https:\/\/hbg-koeln.de\/wp-content\/gallery\/radrennen2015\/thumbs\/thumbs_stadtmeisterschaft9.JPG?t=1433054151\"\n\t\t\t\t\twidth=\"100\"\n\t\t\t\t\theight=\"75\"\n\t\t\t\t\tstyle=\"max-width:100%;\"\n\t\t\t\t\/>\n\t\t\t<\/a>\n\t\t<\/div>\n\t\t\t\t\t\t\t<\/div>\n\t\t\t\n\t\n\t<br style=\"clear: both\" \/>\n\n\t\n\t\t<div class=\"ngg-clear\"><\/div>\n\t<\/div>\n<\/p>\n","protected":false},"excerpt":{"rendered":"<p>Am Mittwoch, den 27.05.2015 ging es wieder rund in Chorweiler! \u00a0\u201eRund um die Heinrich-B\u00f6ll-Gesamtschule\u201c zum 27. Mal war angesagt und ca. 60 Sch\u00fclerinnen und Sch\u00fcler gingen an den Start, um die Stadtmeistertitel zu erringen. Alle Starter<a class=\"moretag\" href=\"https:\/\/hbg-koeln.de\/?p=3086\">Read More&#8230;<\/a><\/p>\n","protected":false},"author":7,"featured_media":0,"comment_status":"closed","ping_status":"open","sticky":false,"template":"","format":"standard","meta":{"ngg_post_thumbnail":0,"footnotes":""},"categories":[1],"tags":[],"class_list":["post-3086","post","type-post","status-publish","format-standard","hentry","category-allgemein"],"_links":{"self":[{"href":"https:\/\/hbg-koeln.de\/index.php?rest_route=\/wp\/v2\/posts\/3086","targetHints":{"allow":["GET"]}}],"collection":[{"href":"https:\/\/hbg-koeln.de\/index.php?rest_route=\/wp\/v2\/posts"}],"about":[{"href":"https:\/\/hbg-koeln.de\/index.php?rest_route=\/wp\/v2\/types\/post"}],"author":[{"embeddable":true,"href":"https:\/\/hbg-koeln.de\/index.php?rest_route=\/wp\/v2\/users\/7"}],"replies":[{"embeddable":true,"href":"https:\/\/hbg-koeln.de\/index.php?rest_route=%2Fwp%2Fv2%2Fcomments&post=3086"}],"version-history":[{"count":5,"href":"https:\/\/hbg-koeln.de\/index.php?rest_route=\/wp\/v2\/posts\/3086\/revisions"}],"predecessor-version":[{"id":3118,"href":"https:\/\/hbg-koeln.de\/index.php?rest_route=\/wp\/v2\/posts\/3086\/revisions\/3118"}],"wp:attachment":[{"href":"https:\/\/hbg-koeln.de\/index.php?rest_route=%2Fwp%2Fv2%2Fmedia&parent=3086"}],"wp:term":[{"taxonomy":"category","embeddable":true,"href":"https:\/\/hbg-koeln.de\/index.php?rest_route=%2Fwp%2Fv2%2Fcategories&post=3086"},{"taxonomy":"post_tag","embeddable":true,"href":"https:\/\/hbg-koeln.de\/index.php?rest_route=%2Fwp%2Fv2%2Ftags&post=3086"}],"curies":[{"name":"wp","href":"https:\/\/api.w.org\/{rel}","templated":true}]}}