{"id":3320,"date":"2015-08-12T19:25:18","date_gmt":"2015-08-12T17:25:18","guid":{"rendered":"http:\/\/hbg-koeln.de\/?p=3320"},"modified":"2015-09-16T17:08:49","modified_gmt":"2015-09-16T15:08:49","slug":"neue-fuenftklaessler-eingeschult","status":"publish","type":"post","link":"https:\/\/hbg-koeln.de\/?p=3320","title":{"rendered":"Neue F\u00fcnftkl\u00e4ssler eingeschult"},"content":{"rendered":"<p>\u201cHerzlich Willkommen\u201d hie\u00df es f\u00fcr die neuen F\u00fcnftkl\u00e4ssler am Mittwoch (12.08.). Eindrucksvoll pr\u00e4sentierten sich die Turnerinnen der Turn-AG sowie eine Tanz-Gruppe aus dem 6.Jahrgang, die zur Er\u00f6ffnung der Einschulung ihr K\u00f6nnen zeigten. Frau Neumann und Herr Grisard, f\u00fcr den es auch der 1.Tag an der HBG war, begr\u00fc\u00dften anschlie\u00dfend die neuen Sch\u00fclerinnen und Sch\u00fcler der Heinrich-B\u00f6ll-Gesamtschule.<\/p>\n<p>Die Begr\u00fc\u00dfungsfeier wurde musikalisch durch die BigBand und die Klassen 6.5 und 6.6 gestaltet, die zum Abschluss gemeinsam das Lied \u201cHeinrich-B\u00f6ll-Gesamtschule\u201d darboten.<\/p>\n<p>Nach der Begr\u00fc\u00dfungsfeier lernten die Sch\u00fclerinnen und Sch\u00fcler ihre neuen Klassenlehrer und Klassenr\u00e4ume kennen, bevor alle gemeinsam zum Abschluss des ersten Schultages traditionell viele bunte Luftballons in den Himmel steigen lie\u00dfen.<\/p>\n<p><a href=\"http:\/\/hbg-koeln.de\/wp-content\/uploads\/2015\/08\/neue5-2015.jpg\"><img class=\"aligncenter size-full wp-image-3323\" style=\"border: 1px solid black;\"src=\"http:\/\/hbg-koeln.de\/wp-content\/uploads\/2015\/08\/neue5-2015.jpg\" alt=\"neue5-2015\" width=\"4608\" height=\"3456\" srcset=\"https:\/\/hbg-koeln.de\/wp-content\/uploads\/2015\/08\/neue5-2015.jpg 4608w, https:\/\/hbg-koeln.de\/wp-content\/uploads\/2015\/08\/neue5-2015-300x225.jpg 300w, https:\/\/hbg-koeln.de\/wp-content\/uploads\/2015\/08\/neue5-2015-1024x768.jpg 1024w\" sizes=\"(max-width: 4608px) 100vw, 4608px\" \/><\/a><\/p>\n<p>&nbsp;<\/p>\n","protected":false},"excerpt":{"rendered":"<p>\u201cHerzlich Willkommen\u201d hie\u00df es f\u00fcr die neuen F\u00fcnftkl\u00e4ssler am Mittwoch (12.08.). Eindrucksvoll pr\u00e4sentierten sich die Turnerinnen der Turn-AG sowie eine Tanz-Gruppe aus dem 6.Jahrgang, die zur Er\u00f6ffnung der Einschulung ihr K\u00f6nnen zeigten. Frau Neumann und Herr<a class=\"moretag\" href=\"https:\/\/hbg-koeln.de\/?p=3320\">Read More&#8230;<\/a><\/p>\n","protected":false},"author":7,"featured_media":0,"comment_status":"closed","ping_status":"open","sticky":false,"template":"","format":"standard","meta":{"ngg_post_thumbnail":0,"footnotes":""},"categories":[13,1],"tags":[],"class_list":["post-3320","post","type-post","status-publish","format-standard","hentry","category-aktuelles","category-allgemein"],"_links":{"self":[{"href":"https:\/\/hbg-koeln.de\/index.php?rest_route=\/wp\/v2\/posts\/3320","targetHints":{"allow":["GET"]}}],"collection":[{"href":"https:\/\/hbg-koeln.de\/index.php?rest_route=\/wp\/v2\/posts"}],"about":[{"href":"https:\/\/hbg-koeln.de\/index.php?rest_route=\/wp\/v2\/types\/post"}],"author":[{"embeddable":true,"href":"https:\/\/hbg-koeln.de\/index.php?rest_route=\/wp\/v2\/users\/7"}],"replies":[{"embeddable":true,"href":"https:\/\/hbg-koeln.de\/index.php?rest_route=%2Fwp%2Fv2%2Fcomments&post=3320"}],"version-history":[{"count":4,"href":"https:\/\/hbg-koeln.de\/index.php?rest_route=\/wp\/v2\/posts\/3320\/revisions"}],"predecessor-version":[{"id":3402,"href":"https:\/\/hbg-koeln.de\/index.php?rest_route=\/wp\/v2\/posts\/3320\/revisions\/3402"}],"wp:attachment":[{"href":"https:\/\/hbg-koeln.de\/index.php?rest_route=%2Fwp%2Fv2%2Fmedia&parent=3320"}],"wp:term":[{"taxonomy":"category","embeddable":true,"href":"https:\/\/hbg-koeln.de\/index.php?rest_route=%2Fwp%2Fv2%2Fcategories&post=3320"},{"taxonomy":"post_tag","embeddable":true,"href":"https:\/\/hbg-koeln.de\/index.php?rest_route=%2Fwp%2Fv2%2Ftags&post=3320"}],"curies":[{"name":"wp","href":"https:\/\/api.w.org\/{rel}","templated":true}]}}