{"id":3465,"date":"2015-10-26T07:19:35","date_gmt":"2015-10-26T05:19:35","guid":{"rendered":"http:\/\/hbg-koeln.de\/?p=3465"},"modified":"2015-10-26T07:19:35","modified_gmt":"2015-10-26T05:19:35","slug":"ritterzeit-am-hbg","status":"publish","type":"post","link":"https:\/\/hbg-koeln.de\/?p=3465","title":{"rendered":"Ritterzeit am HBG?"},"content":{"rendered":"<p>Die Projektwoche, die jedes Jahr in der Woche vor den Herbstferien stattfindet, hat an der HBG schon lange Tradition.<\/p>\n<p>Die Klassen 6.7. und 6.8. widmeten sich dem spannenden Thema \u201eMittelalter\u201c.<\/p>\n<p>Nachdem sich die Sch\u00fclerinnen und Sch\u00fcler in der Bibliothek mit spannendem Lesematerial eingedeckt hatten, wurden erst einmal wichtige und f\u00fcr viele Sch\u00fcler neue Informationen aus dieser aufregenden Zeit gesammelt. Danach ging es in unterschiedlichen Gruppen ans Eingemachte: Es wurde gebastelt (z.B. Ritterhelme und alte Musikinstrumente), musiziert, Kleidungsst\u00fccke und Plakate erstellt und ein komplettes Mittelalterdorf nachgebaut.<\/p>\n<p>Eine besondere \u00dcberraschung hatten die Klassenlehrer der 6.7 (Frau Lorenz und Herr Hoffmann) und 6.8. (Frau Lammers und Herr Nebel) am Dienstag parat: Mit Unterst\u00fctzung von Frau Koppe und Frau Hensen wurde das historische \u00a0\u201eSchloss Burg\u201c in Solingen besichtigt. Eine F\u00fchrung gab den staunenden Sch\u00fclern einen tollen Einblick in die Geschichte und Kultur des Mittelalters, insbesondere die Ritterr\u00fcstungen sorgten f\u00fcr gro\u00dfe Augen.<\/p>\n<p>Am Donnerstag unternahmen Frau Koppe und Herr Nebel mit einigen Sch\u00fclern noch einen Ausflug in die Innenstadt. Ziel: Die Eigelsteintorburg. Schwer vorstellbar, dass in dieser belebten Gegend mal eine Stadtmauer stand. Weiter ging es ins K\u00f6lner Stadtmuseum, wo insbesondere im Ausstellungsraum \u201eMittelalter\u201c sehr interessante und neue Informationen gesammelt werden konnten.<\/p>\n<p>Eine tolle Projektwoche, die Klassen 6.7. und 6.8. freuen sich schon aufs n\u00e4chste Jahr.<\/p>\n<p>Jan Nebel, Klassenlehrer 6.8.<\/p>\n<p><a href=\"http:\/\/hbg-koeln.de\/wp-content\/uploads\/2015\/10\/Schloss-Burg.jpg\"><img loading=\"lazy\" decoding=\"async\" class=\"aligncenter size-large wp-image-3466\" src=\"http:\/\/hbg-koeln.de\/wp-content\/uploads\/2015\/10\/Schloss-Burg-768x1024.jpg\" alt=\"Schloss Burg\" width=\"604\" height=\"805\" srcset=\"https:\/\/hbg-koeln.de\/wp-content\/uploads\/2015\/10\/Schloss-Burg-768x1024.jpg 768w, https:\/\/hbg-koeln.de\/wp-content\/uploads\/2015\/10\/Schloss-Burg-225x300.jpg 225w, https:\/\/hbg-koeln.de\/wp-content\/uploads\/2015\/10\/Schloss-Burg.jpg 1536w\" sizes=\"auto, (max-width: 604px) 100vw, 604px\" \/><\/a><\/p>\n","protected":false},"excerpt":{"rendered":"<p>Die Projektwoche, die jedes Jahr in der Woche vor den Herbstferien stattfindet, hat an der HBG schon lange Tradition. Die Klassen 6.7. und 6.8. widmeten sich dem spannenden Thema \u201eMittelalter\u201c. Nachdem sich die Sch\u00fclerinnen und Sch\u00fcler<a class=\"moretag\" href=\"https:\/\/hbg-koeln.de\/?p=3465\">Read More&#8230;<\/a><\/p>\n","protected":false},"author":7,"featured_media":0,"comment_status":"closed","ping_status":"open","sticky":false,"template":"","format":"standard","meta":{"ngg_post_thumbnail":0,"footnotes":""},"categories":[1],"tags":[],"class_list":["post-3465","post","type-post","status-publish","format-standard","hentry","category-allgemein"],"_links":{"self":[{"href":"https:\/\/hbg-koeln.de\/index.php?rest_route=\/wp\/v2\/posts\/3465","targetHints":{"allow":["GET"]}}],"collection":[{"href":"https:\/\/hbg-koeln.de\/index.php?rest_route=\/wp\/v2\/posts"}],"about":[{"href":"https:\/\/hbg-koeln.de\/index.php?rest_route=\/wp\/v2\/types\/post"}],"author":[{"embeddable":true,"href":"https:\/\/hbg-koeln.de\/index.php?rest_route=\/wp\/v2\/users\/7"}],"replies":[{"embeddable":true,"href":"https:\/\/hbg-koeln.de\/index.php?rest_route=%2Fwp%2Fv2%2Fcomments&post=3465"}],"version-history":[{"count":1,"href":"https:\/\/hbg-koeln.de\/index.php?rest_route=\/wp\/v2\/posts\/3465\/revisions"}],"predecessor-version":[{"id":3467,"href":"https:\/\/hbg-koeln.de\/index.php?rest_route=\/wp\/v2\/posts\/3465\/revisions\/3467"}],"wp:attachment":[{"href":"https:\/\/hbg-koeln.de\/index.php?rest_route=%2Fwp%2Fv2%2Fmedia&parent=3465"}],"wp:term":[{"taxonomy":"category","embeddable":true,"href":"https:\/\/hbg-koeln.de\/index.php?rest_route=%2Fwp%2Fv2%2Fcategories&post=3465"},{"taxonomy":"post_tag","embeddable":true,"href":"https:\/\/hbg-koeln.de\/index.php?rest_route=%2Fwp%2Fv2%2Ftags&post=3465"}],"curies":[{"name":"wp","href":"https:\/\/api.w.org\/{rel}","templated":true}]}}