{"id":3569,"date":"2015-11-15T14:56:28","date_gmt":"2015-11-15T12:56:28","guid":{"rendered":"http:\/\/hbg-koeln.de\/?p=3569"},"modified":"2015-11-15T14:56:28","modified_gmt":"2015-11-15T12:56:28","slug":"spendenaktion-der-hbg","status":"publish","type":"post","link":"https:\/\/hbg-koeln.de\/?p=3569","title":{"rendered":"Spendenaktion der HBG"},"content":{"rendered":"<p>Die Spendenaktion unserer Schule ist beendet. \u00dcber 3 Wochen wurden von Sch\u00fclern, Lehrern, Eltern und Verwandten unz\u00e4hlige Jacken, Schuhe, Pullover, Kinder- und Babysachen inklusive Kinderwagen f\u00fcr unser benachbartes Fl\u00fcchtlingsdorf gesammelt.<\/p>\n<p>Das Ergebnis ist \u00fcberw\u00e4ltigend. Am Donnerstag wurden die Kleiders\u00e4cke und Kartons in einen eigens von den Johannitern bereitgestellten Transporter verladen und in die zentrale Sammelstelle nach Ostheim gefahren. Die Johanniter bedankten sich herzlich und waren von der Masse sehr gut erhaltener Kleidungsst\u00fccke begeistert.<\/p>\n<p>Teresa M\u00f6hle, Jan Nebel, Thilo Tillmann (SV-Lehrer)<\/p>\n<p><a href=\"http:\/\/hbg-koeln.de\/wp-content\/uploads\/2015\/11\/Sammelaktion-Fluechtlinge.jpg\"><img loading=\"lazy\" decoding=\"async\" class=\"aligncenter size-large wp-image-3570\" src=\"http:\/\/hbg-koeln.de\/wp-content\/uploads\/2015\/11\/Sammelaktion-Fluechtlinge-1024x682.jpg\" alt=\"Sammelaktion-Fluechtlinge\" width=\"604\" height=\"402\" srcset=\"https:\/\/hbg-koeln.de\/wp-content\/uploads\/2015\/11\/Sammelaktion-Fluechtlinge-1024x682.jpg 1024w, https:\/\/hbg-koeln.de\/wp-content\/uploads\/2015\/11\/Sammelaktion-Fluechtlinge-300x200.jpg 300w, https:\/\/hbg-koeln.de\/wp-content\/uploads\/2015\/11\/Sammelaktion-Fluechtlinge.jpg 1772w\" sizes=\"auto, (max-width: 604px) 100vw, 604px\" \/><\/a><\/p>\n","protected":false},"excerpt":{"rendered":"<p>Die Spendenaktion unserer Schule ist beendet. \u00dcber 3 Wochen wurden von Sch\u00fclern, Lehrern, Eltern und Verwandten unz\u00e4hlige Jacken, Schuhe, Pullover, Kinder- und Babysachen inklusive Kinderwagen f\u00fcr unser benachbartes Fl\u00fcchtlingsdorf gesammelt. Das Ergebnis ist \u00fcberw\u00e4ltigend. Am Donnerstag<a class=\"moretag\" href=\"https:\/\/hbg-koeln.de\/?p=3569\">Read More&#8230;<\/a><\/p>\n","protected":false},"author":7,"featured_media":0,"comment_status":"closed","ping_status":"open","sticky":false,"template":"","format":"standard","meta":{"ngg_post_thumbnail":0,"footnotes":""},"categories":[1],"tags":[],"class_list":["post-3569","post","type-post","status-publish","format-standard","hentry","category-allgemein"],"_links":{"self":[{"href":"https:\/\/hbg-koeln.de\/index.php?rest_route=\/wp\/v2\/posts\/3569","targetHints":{"allow":["GET"]}}],"collection":[{"href":"https:\/\/hbg-koeln.de\/index.php?rest_route=\/wp\/v2\/posts"}],"about":[{"href":"https:\/\/hbg-koeln.de\/index.php?rest_route=\/wp\/v2\/types\/post"}],"author":[{"embeddable":true,"href":"https:\/\/hbg-koeln.de\/index.php?rest_route=\/wp\/v2\/users\/7"}],"replies":[{"embeddable":true,"href":"https:\/\/hbg-koeln.de\/index.php?rest_route=%2Fwp%2Fv2%2Fcomments&post=3569"}],"version-history":[{"count":1,"href":"https:\/\/hbg-koeln.de\/index.php?rest_route=\/wp\/v2\/posts\/3569\/revisions"}],"predecessor-version":[{"id":3571,"href":"https:\/\/hbg-koeln.de\/index.php?rest_route=\/wp\/v2\/posts\/3569\/revisions\/3571"}],"wp:attachment":[{"href":"https:\/\/hbg-koeln.de\/index.php?rest_route=%2Fwp%2Fv2%2Fmedia&parent=3569"}],"wp:term":[{"taxonomy":"category","embeddable":true,"href":"https:\/\/hbg-koeln.de\/index.php?rest_route=%2Fwp%2Fv2%2Fcategories&post=3569"},{"taxonomy":"post_tag","embeddable":true,"href":"https:\/\/hbg-koeln.de\/index.php?rest_route=%2Fwp%2Fv2%2Ftags&post=3569"}],"curies":[{"name":"wp","href":"https:\/\/api.w.org\/{rel}","templated":true}]}}