{"id":3650,"date":"2015-11-26T21:15:02","date_gmt":"2015-11-26T19:15:02","guid":{"rendered":"http:\/\/hbg-koeln.de\/?p=3650"},"modified":"2015-11-26T21:15:02","modified_gmt":"2015-11-26T19:15:02","slug":"koelner-autor-liest-in-der-schule","status":"publish","type":"post","link":"https:\/\/hbg-koeln.de\/?p=3650","title":{"rendered":"K\u00f6lner Autor liest in der Schule"},"content":{"rendered":"<p>Am 20. November, am bundesweiten Vorlesetag, kam der K\u00f6lner Autor Selim \u00d6zdogan zu uns in die Schule, um mit den Klassen 9.3 und 9.4 eine Lesung in der Bibliothek abzuhalten.<br \/>\nUm zu Beginn der Lesung das Eis zu brechen, war es Herrn \u00d6zdogan zun\u00e4chst wichtig, dass wir uns einander besser kennenlernten und so konnten wir ihm ganz viele Fragen stellen. Uns interessierte vor allem, wie der Alltag eines Autors aussieht und wie man Ideen f\u00fcr Geschichten sammelt. Danach las er uns zwei Geschichten vor und einen Auszug, aus einem bisher unver\u00f6ffentlichten Roman, in dem ein Mann mit Dreadlocks immer wieder von der Polizei kontrolliert wird und auf diese Vorurteile sehr originell reagiert, indem er sich bis auf die Unterhose auszieht, um den Polizisten das Durchsuchen zu erleichtern.<br \/>\nMit den Texten wollte Herr \u00d6zdogan uns etwas vermitteln. Sie handelten von Verzweiflung und Wut, Qualen und dem Wunsch danach, sich selbst zufriedenzustellen und schlie\u00dflich um Vorurteile.<br \/>\nIch pers\u00f6nlich fand diese Lesung sehr interessant, da man nicht oft die Gelegenheit hat, sich ausf\u00fchrlich mit einem echten Autor zu unterhalten.<\/p>\n<p><em>(Marie, 9.3)<\/em><\/p>\n<p><a href=\"http:\/\/hbg-koeln.de\/wp-content\/uploads\/2015\/11\/IMG_12911.jpg\"><img loading=\"lazy\" decoding=\"async\" class=\"aligncenter size-large wp-image-3651\" src=\"http:\/\/hbg-koeln.de\/wp-content\/uploads\/2015\/11\/IMG_12911-1024x683.jpg\" alt=\"Autorenleseung2015\" width=\"604\" height=\"403\" srcset=\"https:\/\/hbg-koeln.de\/wp-content\/uploads\/2015\/11\/IMG_12911-1024x683.jpg 1024w, https:\/\/hbg-koeln.de\/wp-content\/uploads\/2015\/11\/IMG_12911-300x200.jpg 300w\" sizes=\"auto, (max-width: 604px) 100vw, 604px\" \/><\/a><\/p>\n","protected":false},"excerpt":{"rendered":"<p>Am 20. November, am bundesweiten Vorlesetag, kam der K\u00f6lner Autor Selim \u00d6zdogan zu uns in die Schule, um mit den Klassen 9.3 und 9.4 eine Lesung in der Bibliothek abzuhalten. Um zu Beginn der Lesung das<a class=\"moretag\" href=\"https:\/\/hbg-koeln.de\/?p=3650\">Read More&#8230;<\/a><\/p>\n","protected":false},"author":7,"featured_media":0,"comment_status":"closed","ping_status":"open","sticky":false,"template":"","format":"standard","meta":{"ngg_post_thumbnail":0,"footnotes":""},"categories":[1],"tags":[],"class_list":["post-3650","post","type-post","status-publish","format-standard","hentry","category-allgemein"],"_links":{"self":[{"href":"https:\/\/hbg-koeln.de\/index.php?rest_route=\/wp\/v2\/posts\/3650","targetHints":{"allow":["GET"]}}],"collection":[{"href":"https:\/\/hbg-koeln.de\/index.php?rest_route=\/wp\/v2\/posts"}],"about":[{"href":"https:\/\/hbg-koeln.de\/index.php?rest_route=\/wp\/v2\/types\/post"}],"author":[{"embeddable":true,"href":"https:\/\/hbg-koeln.de\/index.php?rest_route=\/wp\/v2\/users\/7"}],"replies":[{"embeddable":true,"href":"https:\/\/hbg-koeln.de\/index.php?rest_route=%2Fwp%2Fv2%2Fcomments&post=3650"}],"version-history":[{"count":1,"href":"https:\/\/hbg-koeln.de\/index.php?rest_route=\/wp\/v2\/posts\/3650\/revisions"}],"predecessor-version":[{"id":3652,"href":"https:\/\/hbg-koeln.de\/index.php?rest_route=\/wp\/v2\/posts\/3650\/revisions\/3652"}],"wp:attachment":[{"href":"https:\/\/hbg-koeln.de\/index.php?rest_route=%2Fwp%2Fv2%2Fmedia&parent=3650"}],"wp:term":[{"taxonomy":"category","embeddable":true,"href":"https:\/\/hbg-koeln.de\/index.php?rest_route=%2Fwp%2Fv2%2Fcategories&post=3650"},{"taxonomy":"post_tag","embeddable":true,"href":"https:\/\/hbg-koeln.de\/index.php?rest_route=%2Fwp%2Fv2%2Ftags&post=3650"}],"curies":[{"name":"wp","href":"https:\/\/api.w.org\/{rel}","templated":true}]}}