{"id":3680,"date":"2015-12-04T10:00:22","date_gmt":"2015-12-04T08:00:22","guid":{"rendered":"http:\/\/hbg-koeln.de\/?p=3680"},"modified":"2015-12-19T12:05:24","modified_gmt":"2015-12-19T10:05:24","slug":"kinderrechte-sind-uns-wichtig","status":"publish","type":"post","link":"https:\/\/hbg-koeln.de\/?p=3680","title":{"rendered":"Kinderrechte sind uns wichtig!"},"content":{"rendered":"<p>Die Vorbereitungsklasse der Heinrich-B\u00f6ll-Gesamtschule hatte am Montag, den 30.11. 2015 Besuch von der K\u00f6lner CDU- Bundestagsabgeordneten Frau Manderla. Diese besuchte uns im Zusammenhang mit dem 25-j\u00e4hrigen Jubil\u00e4um der Konvention zu den Kinderrechten, das von UNICEF weltweit gefeiert wird. Die Sch\u00fcler\/innen recherchierten zu den Kinderrechten in ihren Herkunftsl\u00e4ndern, gestalteten ihre Tr\u00e4ume von einer Welt, in der Kinderrechte \u00fcberall gelten und pr\u00e4sentierten einen Rap zu den Kinderrechten, den sie von einer anderen Schule erhalten und bearbeitet hatten. Frau Manderla lie\u00df sich von den Kindern in ihrem Raum ihre Produkte zeigen und kam mit ihnen ins Gespr\u00e4ch. Sie war erstaunt, was die Kinder schon alles ausdr\u00fccken k\u00f6nnen. Wir bedanken uns bei Frau Manderla f\u00fcr ihren Besuch und ihr Interesse.<\/p>\n<p>Es gibt noch viel f\u00fcr Kinderrechte zu tun!!!<\/p>\n<p>Elisabeth Ga\u00df, Dilek Kadir-Memet und Susanne Streiber<\/p>\n<div id=\"attachment_3681\" style=\"width: 970px\" class=\"wp-caption aligncenter\"><a href=\"http:\/\/hbg-koeln.de\/wp-content\/uploads\/2015\/12\/top1.jpg\"><img loading=\"lazy\" decoding=\"async\" aria-describedby=\"caption-attachment-3681\" class=\"size-full wp-image-3681\" src=\"http:\/\/hbg-koeln.de\/wp-content\/uploads\/2015\/12\/top1.jpg\" alt=\"Frau Manderla 1\" width=\"960\" height=\"720\" srcset=\"https:\/\/hbg-koeln.de\/wp-content\/uploads\/2015\/12\/top1.jpg 960w, https:\/\/hbg-koeln.de\/wp-content\/uploads\/2015\/12\/top1-300x225.jpg 300w\" sizes=\"auto, (max-width: 960px) 100vw, 960px\" \/><\/a><p id=\"caption-attachment-3681\" class=\"wp-caption-text\">Frau Manderla 1<\/p><\/div>\n<p>&nbsp;<\/p>\n","protected":false},"excerpt":{"rendered":"<p>Die Vorbereitungsklasse der Heinrich-B\u00f6ll-Gesamtschule hatte am Montag, den 30.11. 2015 Besuch von der K\u00f6lner CDU- Bundestagsabgeordneten Frau Manderla. Diese besuchte uns im Zusammenhang mit dem 25-j\u00e4hrigen Jubil\u00e4um der Konvention zu den Kinderrechten, das von UNICEF weltweit<a class=\"moretag\" href=\"https:\/\/hbg-koeln.de\/?p=3680\">Read More&#8230;<\/a><\/p>\n","protected":false},"author":9,"featured_media":0,"comment_status":"closed","ping_status":"open","sticky":false,"template":"","format":"standard","meta":{"ngg_post_thumbnail":0,"footnotes":""},"categories":[1],"tags":[],"class_list":["post-3680","post","type-post","status-publish","format-standard","hentry","category-allgemein"],"_links":{"self":[{"href":"https:\/\/hbg-koeln.de\/index.php?rest_route=\/wp\/v2\/posts\/3680","targetHints":{"allow":["GET"]}}],"collection":[{"href":"https:\/\/hbg-koeln.de\/index.php?rest_route=\/wp\/v2\/posts"}],"about":[{"href":"https:\/\/hbg-koeln.de\/index.php?rest_route=\/wp\/v2\/types\/post"}],"author":[{"embeddable":true,"href":"https:\/\/hbg-koeln.de\/index.php?rest_route=\/wp\/v2\/users\/9"}],"replies":[{"embeddable":true,"href":"https:\/\/hbg-koeln.de\/index.php?rest_route=%2Fwp%2Fv2%2Fcomments&post=3680"}],"version-history":[{"count":1,"href":"https:\/\/hbg-koeln.de\/index.php?rest_route=\/wp\/v2\/posts\/3680\/revisions"}],"predecessor-version":[{"id":3682,"href":"https:\/\/hbg-koeln.de\/index.php?rest_route=\/wp\/v2\/posts\/3680\/revisions\/3682"}],"wp:attachment":[{"href":"https:\/\/hbg-koeln.de\/index.php?rest_route=%2Fwp%2Fv2%2Fmedia&parent=3680"}],"wp:term":[{"taxonomy":"category","embeddable":true,"href":"https:\/\/hbg-koeln.de\/index.php?rest_route=%2Fwp%2Fv2%2Fcategories&post=3680"},{"taxonomy":"post_tag","embeddable":true,"href":"https:\/\/hbg-koeln.de\/index.php?rest_route=%2Fwp%2Fv2%2Ftags&post=3680"}],"curies":[{"name":"wp","href":"https:\/\/api.w.org\/{rel}","templated":true}]}}