{"id":4039,"date":"2016-01-13T07:40:01","date_gmt":"2016-01-13T05:40:01","guid":{"rendered":"http:\/\/hbg-koeln.de\/?p=4039"},"modified":"2016-01-13T07:40:01","modified_gmt":"2016-01-13T05:40:01","slug":"rassismus-workshop","status":"publish","type":"post","link":"https:\/\/hbg-koeln.de\/?p=4039","title":{"rendered":"\u201eRassismus\u201c-Workshop"},"content":{"rendered":"<p>Nach einer Unterrichtsreihe zur politischen Theorie Hannah Arendts wollten sich der Grundkurs Philosopie (Q2) mit dem Problem des \u201eRassismus\u201c in K\u00f6ln auseinandersetzen.<br \/>\nUnser Besuch im EL-DE Haus am 14.11.2015 war eingeteilt in zwei Themenbereiche: der erste befasste sich mit dem Rundgang durch das Haus und der zweite Themenbereich umfasste den Workshop \u201e Rassismus\u201c.<\/p>\n<p>Das Haus ist seit dem 19. September 1988 ein Dokumentations- und Forschungszentrum, das ein Museum und eine Bibliothek als Lern- und Bildungsort enth\u00e4lt. Im Museum ist die Dauerausstellung K\u00f6ln im Nationalsozialismus zu besichtigen.<\/p>\n<p><img loading=\"lazy\" decoding=\"async\" class=\"aligncenter size-full wp-image-4040\" src=\"http:\/\/hbg-koeln.de\/wp-content\/uploads\/2016\/01\/eldehaus.jpg\" alt=\"eldehaus\" width=\"480\" height=\"300\" \/><\/p>\n<p>In dem Geb\u00e4ude konnten wir die B\u00fcros der damaligen Gestapo &#8211; Arbeiter oder aber auch die Zellen des Gef\u00e4ngnisses sehen. Im Innenhof befindet sich ein Teil der ehemaligen Hinrichtungsst\u00e4tte. Die Gefangenen wurden vor den Augen der Bewohner der umliegende H\u00e4user hingerichtet. So waren viele Zeuge des Schicksals der Gefangenen.<\/p>\n<p>Nach der F\u00fchrung begann unser Workshop zum Thema \u201eRassismus\u201c.<br \/>\nWir mussten uns durch das L\u00f6sen von Aufgaben zum Thema bis zu einem H\u00f6rger\u00e4t vorarbeiten, um dort z.B. die Geschichte von einer Frau zu h\u00f6ren, die auf Grund ihrer Religion gedem\u00fctigt worden war. Ein weiteres Beispiel war der dunkelh\u00e4utige Nationalspieler Patrick Owomoleya, dessen Trikot Nummer 25 in einem NPD-Planer gedruckt wurde, in dem stand, dass nicht nur die Trikots wei\u00df sein sollten.<\/p>\n<p>Auf Grund des Terroranschlags am 13.11.2015 in Paris, haben wir auch \u00fcber den IS gesprochen. Jeder konnte in der Runde seine eigene Meinung zu diesem Thema \u00e4u\u00dfern. Viele waren der Meinung, dass die Religion nichts mit dem Terror zu tun habe und der IS seine Opfer aus jeder Religion und Kultur aussuche.<\/p>\n<p>Uns wurde klar, dass es zwei Arten von Rassismus gibt, den kulturellen und den biologistischen.<br \/>\nBeiden sind folgende vier Elemente gemeinsam: Das Streben nach Homogenisierung, Polarisierung, Naturalisierung und Hierarchiesierung.<\/p>\n<p>Zum Schluss bedankten wir uns f\u00fcr die tolle F\u00fchrung und ein gro\u00dfer Dank geht an den F\u00f6rderverein unserer Schule, der uns erm\u00f6glicht hat, an diesem Workshop teilzunehmen.<\/p>\n<p><em>Abitur 2016 Philosophie Kurs von Frau Overesch<\/em><\/p>\n<p><img loading=\"lazy\" decoding=\"async\" class=\"aligncenter size-full wp-image-4041\" src=\"http:\/\/hbg-koeln.de\/wp-content\/uploads\/2016\/01\/PhilisopieKursQ22015.jpg\" alt=\"PhilisopieKursQ22015\" width=\"687\" height=\"335\" srcset=\"https:\/\/hbg-koeln.de\/wp-content\/uploads\/2016\/01\/PhilisopieKursQ22015.jpg 687w, https:\/\/hbg-koeln.de\/wp-content\/uploads\/2016\/01\/PhilisopieKursQ22015-300x146.jpg 300w\" sizes=\"auto, (max-width: 687px) 100vw, 687px\" \/><\/p>\n","protected":false},"excerpt":{"rendered":"<p>Nach einer Unterrichtsreihe zur politischen Theorie Hannah Arendts wollten sich der Grundkurs Philosopie (Q2) mit dem Problem des \u201eRassismus\u201c in K\u00f6ln auseinandersetzen. Unser Besuch im EL-DE Haus am 14.11.2015 war eingeteilt in zwei Themenbereiche: der erste<a class=\"moretag\" href=\"https:\/\/hbg-koeln.de\/?p=4039\">Read More&#8230;<\/a><\/p>\n","protected":false},"author":7,"featured_media":0,"comment_status":"closed","ping_status":"open","sticky":false,"template":"","format":"standard","meta":{"ngg_post_thumbnail":0,"footnotes":""},"categories":[1],"tags":[],"class_list":["post-4039","post","type-post","status-publish","format-standard","hentry","category-allgemein"],"_links":{"self":[{"href":"https:\/\/hbg-koeln.de\/index.php?rest_route=\/wp\/v2\/posts\/4039","targetHints":{"allow":["GET"]}}],"collection":[{"href":"https:\/\/hbg-koeln.de\/index.php?rest_route=\/wp\/v2\/posts"}],"about":[{"href":"https:\/\/hbg-koeln.de\/index.php?rest_route=\/wp\/v2\/types\/post"}],"author":[{"embeddable":true,"href":"https:\/\/hbg-koeln.de\/index.php?rest_route=\/wp\/v2\/users\/7"}],"replies":[{"embeddable":true,"href":"https:\/\/hbg-koeln.de\/index.php?rest_route=%2Fwp%2Fv2%2Fcomments&post=4039"}],"version-history":[{"count":1,"href":"https:\/\/hbg-koeln.de\/index.php?rest_route=\/wp\/v2\/posts\/4039\/revisions"}],"predecessor-version":[{"id":4042,"href":"https:\/\/hbg-koeln.de\/index.php?rest_route=\/wp\/v2\/posts\/4039\/revisions\/4042"}],"wp:attachment":[{"href":"https:\/\/hbg-koeln.de\/index.php?rest_route=%2Fwp%2Fv2%2Fmedia&parent=4039"}],"wp:term":[{"taxonomy":"category","embeddable":true,"href":"https:\/\/hbg-koeln.de\/index.php?rest_route=%2Fwp%2Fv2%2Fcategories&post=4039"},{"taxonomy":"post_tag","embeddable":true,"href":"https:\/\/hbg-koeln.de\/index.php?rest_route=%2Fwp%2Fv2%2Ftags&post=4039"}],"curies":[{"name":"wp","href":"https:\/\/api.w.org\/{rel}","templated":true}]}}