{"id":4145,"date":"2016-02-10T22:56:15","date_gmt":"2016-02-10T20:56:15","guid":{"rendered":"http:\/\/hbg-koeln.de\/?p=4145"},"modified":"2016-02-17T07:52:34","modified_gmt":"2016-02-17T05:52:34","slug":"schull-und-veedelszoech-2016","status":"publish","type":"post","link":"https:\/\/hbg-koeln.de\/?p=4145","title":{"rendered":"Schull- und Veedelsz\u00f6ch 2016"},"content":{"rendered":"<p>Kamelle!!! Str\u00fcsscher!!! riefen auch in diesem Jahr wieder \u00fcber 100.000 Jecken den rund 50 Schulen und 60 Vereinen zu. Mehrere tausend gro\u00dfe und kleine Beteiligte waren bei gutem Wetter mit dabei, als es auf die Strecke des Rosenmontagszugs ging.<\/p>\n<p><!--more--><\/p>\n<p>Auch die HBG war in diesem Jahr wieder mit tollen Kost\u00fcmen, Wagen und Musik unterwegs.<\/p>\n<p>Unter dem Motto <em>&#8222;Unser Anjebot es krass &#8211; dat m\u00e4t uns \u00e4rch vill Spa\u00df! \u00c4vver ohne Lehrer in de Klass, k\u00fctt jede Schull schwer in Brass!&#8220; <\/em>zogen rund 60 Schl\u00fcmpfe und auch Papa Schlumpf durch die K\u00f6lner Innenstadt.<\/p>\n<p>Vielen Dank allen helfenden H\u00e4nden im Vorder- und Hintergrund. Sei es dem F\u00f6rderverein oder der B\u00f6ll-Oase f\u00fcr die finanzielle Unterst\u00fctzung, den Eltern f\u00fcr die Hilfe bei Kost\u00fcmen und Wagenbau, Frau Kreutz, Frau M\u00f6hle, Frau Hilsmann, Herr Kn\u00e4bel und Herr Becker bei der Organisation und den Entw\u00fcrfen und der Umsetzung von Wagenbild und Kost\u00fcmen, sowie Herrn Wiedemann f\u00fcr die musikalische Gestaltung Und nat\u00fcrlich vor allem allen Sch\u00fclerinnen und Sch\u00fclern die unsere Schule am Sonntag wieder so toll pr\u00e4sentiert haben. ALAAF!!!<\/p>\n<p><!-- default-view.php -->\n<div\n\tclass=\"ngg-galleryoverview default-view\n\t\t\"\n\tid=\"ngg-gallery-ecfde16e0928b9a1a08ed8c9d979a864-1\"\n\tdata-nextgen-gallery-id=\"48\"\n\tdata-gallery-id=\"48\"\n\t\tdata-gallery-name=\"Schull- und Veedelsz\u00f6ch 2016\"\n\t>\n\n\t\t<!-- Thumbnails -->\n\t\t\t\t<div id=\"ngg-image-0\" class=\"ngg-gallery-thumbnail-box\n\t\t\t\t\t\t\t\t\t\t\t\"\n\t\t\t>\n\t\t\t\t\t\t<div class=\"ngg-gallery-thumbnail\">\n\t\t<a href=\"https:\/\/hbg-koeln.de\/wp-content\/gallery\/schull-udn-veedelszoech-2016\/anfang.jpeg?t=1455688359\"\n\t\t\ttitle=\"\"\n\t\t\tdata-src=\"https:\/\/hbg-koeln.de\/wp-content\/gallery\/schull-udn-veedelszoech-2016\/anfang.jpeg?t=1455688359\"\n\t\t\tdata-thumbnail=\"https:\/\/hbg-koeln.de\/wp-content\/gallery\/schull-udn-veedelszoech-2016\/thumbs\/thumbs_anfang.jpeg?t=1455688359\"\n\t\t\tdata-image-id=\"878\"\n\t\t\tdata-image-name=\"anfang.jpeg\"\n\t\t\tdata-title=\"anfang\"\n\t\t\tdata-description=\"\"\n\t\t\tdata-image-slug=\"anfang\"\n\t\t\t\t\t\t\t\t\t\t\t\t\t\t\t\t\t\t\t\tclass=\"shutterset_ecfde16e0928b9a1a08ed8c9d979a864\">\n\t\t\t\t\t\t\t\t<img\n\t\t\t\t\ttitle=\"anfang\"\n\t\t\t\t\talt=\"anfang\"\n\t\t\t\t\tsrc=\"https:\/\/hbg-koeln.de\/wp-content\/gallery\/schull-udn-veedelszoech-2016\/thumbs\/thumbs_anfang.jpeg?t=1455688359\"\n\t\t\t\t\twidth=\"100\"\n\t\t\t\t\theight=\"75\"\n\t\t\t\t\tstyle=\"max-width:100%;\"\n\t\t\t\t\/>\n\t\t\t<\/a>\n\t\t<\/div>\n\t\t\t\t\t\t\t<\/div>\n\t\t\t\n\t\t\t\t<div id=\"ngg-image-1\" class=\"ngg-gallery-thumbnail-box\n\t\t\t\t\t\t\t\t\t\t\t\"\n\t\t\t>\n\t\t\t\t\t\t<div class=\"ngg-gallery-thumbnail\">\n\t\t<a href=\"https:\/\/hbg-koeln.de\/wp-content\/gallery\/schull-udn-veedelszoech-2016\/drei.jpeg?t=1455138116\"\n\t\t\ttitle=\"\"\n\t\t\tdata-src=\"https:\/\/hbg-koeln.de\/wp-content\/gallery\/schull-udn-veedelszoech-2016\/drei.jpeg?t=1455138116\"\n\t\t\tdata-thumbnail=\"https:\/\/hbg-koeln.de\/wp-content\/gallery\/schull-udn-veedelszoech-2016\/thumbs\/thumbs_drei.jpeg?t=1455138116\"\n\t\t\tdata-image-id=\"879\"\n\t\t\tdata-image-name=\"drei.jpeg\"\n\t\t\tdata-title=\"drei\"\n\t\t\tdata-description=\"\"\n\t\t\tdata-image-slug=\"drei\"\n\t\t\t\t\t\t\t\t\t\t\t\t\t\t\t\t\t\t\t\tclass=\"shutterset_ecfde16e0928b9a1a08ed8c9d979a864\">\n\t\t\t\t\t\t\t\t<img\n\t\t\t\t\ttitle=\"drei\"\n\t\t\t\t\talt=\"drei\"\n\t\t\t\t\tsrc=\"https:\/\/hbg-koeln.de\/wp-content\/gallery\/schull-udn-veedelszoech-2016\/thumbs\/thumbs_drei.jpeg?t=1455138116\"\n\t\t\t\t\twidth=\"100\"\n\t\t\t\t\theight=\"75\"\n\t\t\t\t\tstyle=\"max-width:100%;\"\n\t\t\t\t\/>\n\t\t\t<\/a>\n\t\t<\/div>\n\t\t\t\t\t\t\t<\/div>\n\t\t\t\n\t\t\t\t<div id=\"ngg-image-2\" class=\"ngg-gallery-thumbnail-box\n\t\t\t\t\t\t\t\t\t\t\t\"\n\t\t\t>\n\t\t\t\t\t\t<div class=\"ngg-gallery-thumbnail\">\n\t\t<a href=\"https:\/\/hbg-koeln.de\/wp-content\/gallery\/schull-udn-veedelszoech-2016\/gaga-wagen.jpeg?t=1455138116\"\n\t\t\ttitle=\"\"\n\t\t\tdata-src=\"https:\/\/hbg-koeln.de\/wp-content\/gallery\/schull-udn-veedelszoech-2016\/gaga-wagen.jpeg?t=1455138116\"\n\t\t\tdata-thumbnail=\"https:\/\/hbg-koeln.de\/wp-content\/gallery\/schull-udn-veedelszoech-2016\/thumbs\/thumbs_gaga-wagen.jpeg?t=1455138116\"\n\t\t\tdata-image-id=\"880\"\n\t\t\tdata-image-name=\"gaga-wagen.jpeg\"\n\t\t\tdata-title=\"gaga-wagen\"\n\t\t\tdata-description=\"\"\n\t\t\tdata-image-slug=\"gaga-wagen\"\n\t\t\t\t\t\t\t\t\t\t\t\t\t\t\t\t\t\t\t\tclass=\"shutterset_ecfde16e0928b9a1a08ed8c9d979a864\">\n\t\t\t\t\t\t\t\t<img\n\t\t\t\t\ttitle=\"gaga-wagen\"\n\t\t\t\t\talt=\"gaga-wagen\"\n\t\t\t\t\tsrc=\"https:\/\/hbg-koeln.de\/wp-content\/gallery\/schull-udn-veedelszoech-2016\/thumbs\/thumbs_gaga-wagen.jpeg?t=1455138116\"\n\t\t\t\t\twidth=\"100\"\n\t\t\t\t\theight=\"75\"\n\t\t\t\t\tstyle=\"max-width:100%;\"\n\t\t\t\t\/>\n\t\t\t<\/a>\n\t\t<\/div>\n\t\t\t\t\t\t\t<\/div>\n\t\t\t\n\t\t\t\t<div id=\"ngg-image-3\" class=\"ngg-gallery-thumbnail-box\n\t\t\t\t\t\t\t\t\t\t\t\"\n\t\t\t>\n\t\t\t\t\t\t<div class=\"ngg-gallery-thumbnail\">\n\t\t<a href=\"https:\/\/hbg-koeln.de\/wp-content\/gallery\/schull-udn-veedelszoech-2016\/Gruppenfoto.jpeg?t=1455138116\"\n\t\t\ttitle=\"\"\n\t\t\tdata-src=\"https:\/\/hbg-koeln.de\/wp-content\/gallery\/schull-udn-veedelszoech-2016\/Gruppenfoto.jpeg?t=1455138116\"\n\t\t\tdata-thumbnail=\"https:\/\/hbg-koeln.de\/wp-content\/gallery\/schull-udn-veedelszoech-2016\/thumbs\/thumbs_Gruppenfoto.jpeg?t=1455138116\"\n\t\t\tdata-image-id=\"881\"\n\t\t\tdata-image-name=\"Gruppenfoto.jpeg\"\n\t\t\tdata-title=\"Gruppenfoto\"\n\t\t\tdata-description=\"\"\n\t\t\tdata-image-slug=\"gruppenfoto\"\n\t\t\t\t\t\t\t\t\t\t\t\t\t\t\t\t\t\t\t\tclass=\"shutterset_ecfde16e0928b9a1a08ed8c9d979a864\">\n\t\t\t\t\t\t\t\t<img\n\t\t\t\t\ttitle=\"Gruppenfoto\"\n\t\t\t\t\talt=\"Gruppenfoto\"\n\t\t\t\t\tsrc=\"https:\/\/hbg-koeln.de\/wp-content\/gallery\/schull-udn-veedelszoech-2016\/thumbs\/thumbs_Gruppenfoto.jpeg?t=1455138116\"\n\t\t\t\t\twidth=\"100\"\n\t\t\t\t\theight=\"75\"\n\t\t\t\t\tstyle=\"max-width:100%;\"\n\t\t\t\t\/>\n\t\t\t<\/a>\n\t\t<\/div>\n\t\t\t\t\t\t\t<\/div>\n\t\t\t\n\t\t\t\t<div id=\"ngg-image-4\" class=\"ngg-gallery-thumbnail-box\n\t\t\t\t\t\t\t\t\t\t\t\"\n\t\t\t>\n\t\t\t\t\t\t<div class=\"ngg-gallery-thumbnail\">\n\t\t<a href=\"https:\/\/hbg-koeln.de\/wp-content\/gallery\/schull-udn-veedelszoech-2016\/kamelle.jpeg?t=1455138116\"\n\t\t\ttitle=\"\"\n\t\t\tdata-src=\"https:\/\/hbg-koeln.de\/wp-content\/gallery\/schull-udn-veedelszoech-2016\/kamelle.jpeg?t=1455138116\"\n\t\t\tdata-thumbnail=\"https:\/\/hbg-koeln.de\/wp-content\/gallery\/schull-udn-veedelszoech-2016\/thumbs\/thumbs_kamelle.jpeg?t=1455138116\"\n\t\t\tdata-image-id=\"882\"\n\t\t\tdata-image-name=\"kamelle.jpeg\"\n\t\t\tdata-title=\"kamelle\"\n\t\t\tdata-description=\"\"\n\t\t\tdata-image-slug=\"kamelle\"\n\t\t\t\t\t\t\t\t\t\t\t\t\t\t\t\t\t\t\t\tclass=\"shutterset_ecfde16e0928b9a1a08ed8c9d979a864\">\n\t\t\t\t\t\t\t\t<img\n\t\t\t\t\ttitle=\"kamelle\"\n\t\t\t\t\talt=\"kamelle\"\n\t\t\t\t\tsrc=\"https:\/\/hbg-koeln.de\/wp-content\/gallery\/schull-udn-veedelszoech-2016\/thumbs\/thumbs_kamelle.jpeg?t=1455138116\"\n\t\t\t\t\twidth=\"100\"\n\t\t\t\t\theight=\"75\"\n\t\t\t\t\tstyle=\"max-width:100%;\"\n\t\t\t\t\/>\n\t\t\t<\/a>\n\t\t<\/div>\n\t\t\t\t\t\t\t<\/div>\n\t\t\t\n\t\t\t\t<div id=\"ngg-image-5\" class=\"ngg-gallery-thumbnail-box\n\t\t\t\t\t\t\t\t\t\t\t\"\n\t\t\t>\n\t\t\t\t\t\t<div class=\"ngg-gallery-thumbnail\">\n\t\t<a href=\"https:\/\/hbg-koeln.de\/wp-content\/gallery\/schull-udn-veedelszoech-2016\/kapelle.jpeg?t=1455138116\"\n\t\t\ttitle=\"\"\n\t\t\tdata-src=\"https:\/\/hbg-koeln.de\/wp-content\/gallery\/schull-udn-veedelszoech-2016\/kapelle.jpeg?t=1455138116\"\n\t\t\tdata-thumbnail=\"https:\/\/hbg-koeln.de\/wp-content\/gallery\/schull-udn-veedelszoech-2016\/thumbs\/thumbs_kapelle.jpeg?t=1455138116\"\n\t\t\tdata-image-id=\"883\"\n\t\t\tdata-image-name=\"kapelle.jpeg\"\n\t\t\tdata-title=\"kapelle\"\n\t\t\tdata-description=\"\"\n\t\t\tdata-image-slug=\"kapelle\"\n\t\t\t\t\t\t\t\t\t\t\t\t\t\t\t\t\t\t\t\tclass=\"shutterset_ecfde16e0928b9a1a08ed8c9d979a864\">\n\t\t\t\t\t\t\t\t<img\n\t\t\t\t\ttitle=\"kapelle\"\n\t\t\t\t\talt=\"kapelle\"\n\t\t\t\t\tsrc=\"https:\/\/hbg-koeln.de\/wp-content\/gallery\/schull-udn-veedelszoech-2016\/thumbs\/thumbs_kapelle.jpeg?t=1455138116\"\n\t\t\t\t\twidth=\"100\"\n\t\t\t\t\theight=\"75\"\n\t\t\t\t\tstyle=\"max-width:100%;\"\n\t\t\t\t\/>\n\t\t\t<\/a>\n\t\t<\/div>\n\t\t\t\t\t\t\t<\/div>\n\t\t\t\n\t\t\t\t<div id=\"ngg-image-6\" class=\"ngg-gallery-thumbnail-box\n\t\t\t\t\t\t\t\t\t\t\t\"\n\t\t\t>\n\t\t\t\t\t\t<div class=\"ngg-gallery-thumbnail\">\n\t\t<a href=\"https:\/\/hbg-koeln.de\/wp-content\/gallery\/schull-udn-veedelszoech-2016\/von-hinten.jpeg?t=1455138116\"\n\t\t\ttitle=\"\"\n\t\t\tdata-src=\"https:\/\/hbg-koeln.de\/wp-content\/gallery\/schull-udn-veedelszoech-2016\/von-hinten.jpeg?t=1455138116\"\n\t\t\tdata-thumbnail=\"https:\/\/hbg-koeln.de\/wp-content\/gallery\/schull-udn-veedelszoech-2016\/thumbs\/thumbs_von-hinten.jpeg?t=1455138116\"\n\t\t\tdata-image-id=\"885\"\n\t\t\tdata-image-name=\"von-hinten.jpeg\"\n\t\t\tdata-title=\"von hinten\"\n\t\t\tdata-description=\"\"\n\t\t\tdata-image-slug=\"von-hinten\"\n\t\t\t\t\t\t\t\t\t\t\t\t\t\t\t\t\t\t\t\tclass=\"shutterset_ecfde16e0928b9a1a08ed8c9d979a864\">\n\t\t\t\t\t\t\t\t<img\n\t\t\t\t\ttitle=\"von hinten\"\n\t\t\t\t\talt=\"von hinten\"\n\t\t\t\t\tsrc=\"https:\/\/hbg-koeln.de\/wp-content\/gallery\/schull-udn-veedelszoech-2016\/thumbs\/thumbs_von-hinten.jpeg?t=1455138116\"\n\t\t\t\t\twidth=\"100\"\n\t\t\t\t\theight=\"75\"\n\t\t\t\t\tstyle=\"max-width:100%;\"\n\t\t\t\t\/>\n\t\t\t<\/a>\n\t\t<\/div>\n\t\t\t\t\t\t\t<\/div>\n\t\t\t\n\t\t\t\t<div id=\"ngg-image-7\" class=\"ngg-gallery-thumbnail-box\n\t\t\t\t\t\t\t\t\t\t\t\"\n\t\t\t>\n\t\t\t\t\t\t<div class=\"ngg-gallery-thumbnail\">\n\t\t<a href=\"https:\/\/hbg-koeln.de\/wp-content\/gallery\/schull-udn-veedelszoech-2016\/zoch.jpeg?t=1455138116\"\n\t\t\ttitle=\"\"\n\t\t\tdata-src=\"https:\/\/hbg-koeln.de\/wp-content\/gallery\/schull-udn-veedelszoech-2016\/zoch.jpeg?t=1455138116\"\n\t\t\tdata-thumbnail=\"https:\/\/hbg-koeln.de\/wp-content\/gallery\/schull-udn-veedelszoech-2016\/thumbs\/thumbs_zoch.jpeg?t=1455138116\"\n\t\t\tdata-image-id=\"886\"\n\t\t\tdata-image-name=\"zoch.jpeg\"\n\t\t\tdata-title=\"zoch\"\n\t\t\tdata-description=\"\"\n\t\t\tdata-image-slug=\"zoch\"\n\t\t\t\t\t\t\t\t\t\t\t\t\t\t\t\t\t\t\t\tclass=\"shutterset_ecfde16e0928b9a1a08ed8c9d979a864\">\n\t\t\t\t\t\t\t\t<img\n\t\t\t\t\ttitle=\"zoch\"\n\t\t\t\t\talt=\"zoch\"\n\t\t\t\t\tsrc=\"https:\/\/hbg-koeln.de\/wp-content\/gallery\/schull-udn-veedelszoech-2016\/thumbs\/thumbs_zoch.jpeg?t=1455138116\"\n\t\t\t\t\twidth=\"100\"\n\t\t\t\t\theight=\"75\"\n\t\t\t\t\tstyle=\"max-width:100%;\"\n\t\t\t\t\/>\n\t\t\t<\/a>\n\t\t<\/div>\n\t\t\t\t\t\t\t<\/div>\n\t\t\t\n\t\t\t\t<div id=\"ngg-image-8\" class=\"ngg-gallery-thumbnail-box\n\t\t\t\t\t\t\t\t\t\t\t\"\n\t\t\t>\n\t\t\t\t\t\t<div class=\"ngg-gallery-thumbnail\">\n\t\t<a href=\"https:\/\/hbg-koeln.de\/wp-content\/gallery\/schull-udn-veedelszoech-2016\/schlu%CC%88mpfe.jpeg?t=1455138116\"\n\t\t\ttitle=\"\"\n\t\t\tdata-src=\"https:\/\/hbg-koeln.de\/wp-content\/gallery\/schull-udn-veedelszoech-2016\/schlu%CC%88mpfe.jpeg?t=1455138116\"\n\t\t\tdata-thumbnail=\"https:\/\/hbg-koeln.de\/wp-content\/gallery\/schull-udn-veedelszoech-2016\/thumbs\/thumbs_schlu%CC%88mpfe.jpeg?t=1455138116\"\n\t\t\tdata-image-id=\"884\"\n\t\t\tdata-image-name=\"schlu\u0308mpfe.jpeg\"\n\t\t\tdata-title=\"schlu\u0308mpfe\"\n\t\t\tdata-description=\"\"\n\t\t\tdata-image-slug=\"schlu%cc%88mpfe-1\"\n\t\t\t\t\t\t\t\t\t\t\t\t\t\t\t\t\t\t\t\tclass=\"shutterset_ecfde16e0928b9a1a08ed8c9d979a864\">\n\t\t\t\t\t\t\t\t<img\n\t\t\t\t\ttitle=\"schlu\u0308mpfe\"\n\t\t\t\t\talt=\"schlu\u0308mpfe\"\n\t\t\t\t\tsrc=\"https:\/\/hbg-koeln.de\/wp-content\/gallery\/schull-udn-veedelszoech-2016\/thumbs\/thumbs_schlu%CC%88mpfe.jpeg?t=1455138116\"\n\t\t\t\t\twidth=\"100\"\n\t\t\t\t\theight=\"75\"\n\t\t\t\t\tstyle=\"max-width:100%;\"\n\t\t\t\t\/>\n\t\t\t<\/a>\n\t\t<\/div>\n\t\t\t\t\t\t\t<\/div>\n\t\t\t\n\t\n\t<br style=\"clear: both\" \/>\n\n\t\n\t\t<div class=\"ngg-clear\"><\/div>\n\t<\/div>\n<\/p>\n","protected":false},"excerpt":{"rendered":"<p>Kamelle!!! Str\u00fcsscher!!! riefen auch in diesem Jahr wieder \u00fcber 100.000 Jecken den rund 50 Schulen und 60 Vereinen zu. Mehrere tausend gro\u00dfe und kleine Beteiligte waren bei gutem Wetter mit dabei, als es auf die Strecke<a class=\"moretag\" href=\"https:\/\/hbg-koeln.de\/?p=4145\">Read More&#8230;<\/a><\/p>\n","protected":false},"author":11,"featured_media":0,"comment_status":"closed","ping_status":"open","sticky":false,"template":"","format":"standard","meta":{"ngg_post_thumbnail":0,"footnotes":""},"categories":[1],"tags":[],"class_list":["post-4145","post","type-post","status-publish","format-standard","hentry","category-allgemein"],"_links":{"self":[{"href":"https:\/\/hbg-koeln.de\/index.php?rest_route=\/wp\/v2\/posts\/4145","targetHints":{"allow":["GET"]}}],"collection":[{"href":"https:\/\/hbg-koeln.de\/index.php?rest_route=\/wp\/v2\/posts"}],"about":[{"href":"https:\/\/hbg-koeln.de\/index.php?rest_route=\/wp\/v2\/types\/post"}],"author":[{"embeddable":true,"href":"https:\/\/hbg-koeln.de\/index.php?rest_route=\/wp\/v2\/users\/11"}],"replies":[{"embeddable":true,"href":"https:\/\/hbg-koeln.de\/index.php?rest_route=%2Fwp%2Fv2%2Fcomments&post=4145"}],"version-history":[{"count":7,"href":"https:\/\/hbg-koeln.de\/index.php?rest_route=\/wp\/v2\/posts\/4145\/revisions"}],"predecessor-version":[{"id":4237,"href":"https:\/\/hbg-koeln.de\/index.php?rest_route=\/wp\/v2\/posts\/4145\/revisions\/4237"}],"wp:attachment":[{"href":"https:\/\/hbg-koeln.de\/index.php?rest_route=%2Fwp%2Fv2%2Fmedia&parent=4145"}],"wp:term":[{"taxonomy":"category","embeddable":true,"href":"https:\/\/hbg-koeln.de\/index.php?rest_route=%2Fwp%2Fv2%2Fcategories&post=4145"},{"taxonomy":"post_tag","embeddable":true,"href":"https:\/\/hbg-koeln.de\/index.php?rest_route=%2Fwp%2Fv2%2Ftags&post=4145"}],"curies":[{"name":"wp","href":"https:\/\/api.w.org\/{rel}","templated":true}]}}