{"id":4461,"date":"2016-04-18T07:56:43","date_gmt":"2016-04-18T05:56:43","guid":{"rendered":"http:\/\/hbg-koeln.de\/?p=4461"},"modified":"2016-04-18T13:09:20","modified_gmt":"2016-04-18T11:09:20","slug":"best-of-grimm-darstellen-und-gestalten-im-10-jahrgangs","status":"publish","type":"post","link":"https:\/\/hbg-koeln.de\/?p=4461","title":{"rendered":"&#8222;Best of Grimm&#8220; &#8211; Darstellen und Gestalten im 10. Jahrgang"},"content":{"rendered":"<p><em>Ein Bericht von Adrian, Argnesa, Ilayda und Paul (10.Jahrgang)<\/em><\/p>\n<p>Am 18. M\u00e4rz, dem letzten Tag vor den Osterferien, standen wir nach 5 Jahren zum letzten Mal mit Lampenfieber hinter dem Vorhang. Hektisch ging jeder noch einmal seinen Text im Kopf durch. Es waren viel mehr Freunde, Verwandte und andere Interessierte gekommen als gedacht &#8211; auch viele Lehrer und der Schulleiter waren da.<br \/>\nUnd dann \u00f6ffnete sich endlich der Vorhang und wir zeigten unsere hart trainierten Schauspielk\u00fcnste mit der M\u00e4rchenparodie &#8222;Best of Grimm&#8220;. Die Zuschauer konnten im St\u00fcck viele bekannte M\u00e4rchenfiguren wiederentdecken, die lachend, heulend, tanzend und voller Liebe auf ihren Traumprinzen warteten. Trotz des Einsatzes von zwei Zweitbesetzungen gelang uns ein fehlerloser und souver\u00e4ner Auftritt. W\u00e4hrend des Auftritts wurden wir immer wieder von unserem konzentrierten, aber auch lachenden Publikum ermutigt und gest\u00e4rkt. Das zeigte uns, dass sich die lange Arbeit am St\u00fcck gelohnt hatte und es unserem Publikum gefallen hat.<br \/>\nAuch am 19. M\u00e4rz, an dem wir noch einmal f\u00fcr mehrere 5. Klassen auftraten, war das Publikum sehr aufmerksam, lachte und spielte mit und spendete viel Applaus!<br \/>\nWir, der Darstellen und Gestalten &#8211; Kurs, m\u00f6chten uns bedanken bei unseren disziplinierten und professionellen Lehrern Frau Brand und Herrn Kotte, aber nat\u00fcrlich auch bei unseren aufmerksamen Zuschauern!<br \/>\nWir w\u00fcnschen allen nachfolgenden Kursen viel Spa\u00df und Erfolg bei ihren Pr\u00e4sentationen &#8211; die n\u00e4chsten gibt es ja schon beim Festival am 23. Juni zu sehen!<\/p>\n<p><a href=\"http:\/\/hbg-koeln.de\/wp-content\/uploads\/2016\/04\/DSC03628-2.jpg\" rel=\"attachment wp-att-4462\"><img loading=\"lazy\" decoding=\"async\" class=\"aligncenter size-full wp-image-4462\" src=\"http:\/\/hbg-koeln.de\/wp-content\/uploads\/2016\/04\/DSC03628-2.jpg\" alt=\"Best of Grimm\" width=\"600\" height=\"399\" srcset=\"https:\/\/hbg-koeln.de\/wp-content\/uploads\/2016\/04\/DSC03628-2.jpg 600w, https:\/\/hbg-koeln.de\/wp-content\/uploads\/2016\/04\/DSC03628-2-300x200.jpg 300w\" sizes=\"auto, (max-width: 600px) 100vw, 600px\" \/><\/a><\/p>\n","protected":false},"excerpt":{"rendered":"<p>Ein Bericht von Adrian, Argnesa, Ilayda und Paul (10.Jahrgang) Am 18. M\u00e4rz, dem letzten Tag vor den Osterferien, standen wir nach 5 Jahren zum letzten Mal mit Lampenfieber hinter dem Vorhang. Hektisch ging jeder noch einmal<a class=\"moretag\" href=\"https:\/\/hbg-koeln.de\/?p=4461\">Read More&#8230;<\/a><\/p>\n","protected":false},"author":11,"featured_media":0,"comment_status":"closed","ping_status":"open","sticky":false,"template":"","format":"standard","meta":{"ngg_post_thumbnail":0,"footnotes":""},"categories":[1],"tags":[],"class_list":["post-4461","post","type-post","status-publish","format-standard","hentry","category-allgemein"],"_links":{"self":[{"href":"https:\/\/hbg-koeln.de\/index.php?rest_route=\/wp\/v2\/posts\/4461","targetHints":{"allow":["GET"]}}],"collection":[{"href":"https:\/\/hbg-koeln.de\/index.php?rest_route=\/wp\/v2\/posts"}],"about":[{"href":"https:\/\/hbg-koeln.de\/index.php?rest_route=\/wp\/v2\/types\/post"}],"author":[{"embeddable":true,"href":"https:\/\/hbg-koeln.de\/index.php?rest_route=\/wp\/v2\/users\/11"}],"replies":[{"embeddable":true,"href":"https:\/\/hbg-koeln.de\/index.php?rest_route=%2Fwp%2Fv2%2Fcomments&post=4461"}],"version-history":[{"count":5,"href":"https:\/\/hbg-koeln.de\/index.php?rest_route=\/wp\/v2\/posts\/4461\/revisions"}],"predecessor-version":[{"id":4467,"href":"https:\/\/hbg-koeln.de\/index.php?rest_route=\/wp\/v2\/posts\/4461\/revisions\/4467"}],"wp:attachment":[{"href":"https:\/\/hbg-koeln.de\/index.php?rest_route=%2Fwp%2Fv2%2Fmedia&parent=4461"}],"wp:term":[{"taxonomy":"category","embeddable":true,"href":"https:\/\/hbg-koeln.de\/index.php?rest_route=%2Fwp%2Fv2%2Fcategories&post=4461"},{"taxonomy":"post_tag","embeddable":true,"href":"https:\/\/hbg-koeln.de\/index.php?rest_route=%2Fwp%2Fv2%2Ftags&post=4461"}],"curies":[{"name":"wp","href":"https:\/\/api.w.org\/{rel}","templated":true}]}}