{"id":4483,"date":"2016-05-04T06:14:24","date_gmt":"2016-05-04T04:14:24","guid":{"rendered":"http:\/\/hbg-koeln.de\/?p=4483"},"modified":"2016-05-13T16:38:33","modified_gmt":"2016-05-13T14:38:33","slug":"regionalverbundfinale-jugend-debattiert","status":"publish","type":"post","link":"https:\/\/hbg-koeln.de\/?p=4483","title":{"rendered":"Regionalverbundfinale Jugend debattiert"},"content":{"rendered":"<p><strong>HBG nimmt erfolgreich am Regionalverbundfinale Jugend debattiert teil<\/strong><\/p>\n<p>Am Mittwoch, den 9. M\u00e4rz 2016 fand am Johann-Gottfried-Herder-Gymnasium in K\u00f6ln-Buchheim das Regionalverbundfinale Jugend debattiert statt, an dem die HBG als eine von insgesamt acht K\u00f6lner Schulen in diesem Jahr erstmalig teilnahm.<\/p>\n<p>Qualifiziert hatten sich im schulinternen Finale unserer Schule Alexandra Lehmler und Phillip Kuntkan f\u00fcr die Altersklasse 1 (Sek. I) sowie Akdem \u00dcnal und Sohrab Yusufzai f\u00fcr die Altersklasse 2 (Sek. II).<\/p>\n<p>Nach einer Begr\u00fc\u00dfung in der Aula ging es am Vormittag in jeweils zwei Qualifikationsdebatten um die Themen \u201eSoll ein Mindestgewicht f\u00fcr Models festgelegt werden?\u201c und \u00a0\u201eSollen Eltern verpflichtet werden, die Computernutzungszeit ihrer Kinder zu beschr\u00e4nken?\u201c (Sek. I) sowie \u201eSollen regionale Dialekte in der Schule unterrichtet werden?\u201c und \u201eSoll K\u00f6ln die n\u00e4chtliche Beleuchtung von Stra\u00dfen, Pl\u00e4tzen und \u00f6ffentlichen Geb\u00e4uden beschr\u00e4nken?\u201c (Sek. II). Alle vier Sch\u00fclerinnen und Sch\u00fcler der HBG konnten in den Debatten der Vorrunde \u00fcberzeugen.<\/p>\n<p><a href=\"http:\/\/hbg-koeln.de\/wp-content\/uploads\/2016\/05\/Akdem1.jpg\" rel=\"attachment wp-att-4485\"><img loading=\"lazy\" decoding=\"async\" class=\"aligncenter size-large wp-image-4485\" src=\"http:\/\/hbg-koeln.de\/wp-content\/uploads\/2016\/05\/Akdem1-1024x682.jpg\" alt=\"Regionalverbundfinale Jugend debattiert Akdem1\" width=\"604\" height=\"402\" srcset=\"https:\/\/hbg-koeln.de\/wp-content\/uploads\/2016\/05\/Akdem1-1024x682.jpg 1024w, https:\/\/hbg-koeln.de\/wp-content\/uploads\/2016\/05\/Akdem1-300x200.jpg 300w, https:\/\/hbg-koeln.de\/wp-content\/uploads\/2016\/05\/Akdem1-768x512.jpg 768w, https:\/\/hbg-koeln.de\/wp-content\/uploads\/2016\/05\/Akdem1.jpg 1181w\" sizes=\"auto, (max-width: 604px) 100vw, 604px\" \/><\/a><!--more--><\/p>\n<p>Akdem \u00dcnal schaffte es mit einer besonders starken Debattierleistung sogar in das Finale der Altersklasse 2, in dem \u00fcber das Thema \u201eSoll bei Kommunal- und Landtagswahlen die Stimmabgabe auch in Einkaufszentren und Superm\u00e4rkten erm\u00f6glicht werden?\u201c debattiert wurde.<\/p>\n<p>Wir bedanken uns bei allen Teilnehmern f\u00fcr ihr engagiertes Debattieren und freuen uns schon auf das zweite Jahr Jugend debattiert an der HBG.<\/p>\n<p><a href=\"http:\/\/hbg-koeln.de\/wp-content\/uploads\/2016\/05\/Gruppe.jpg\" rel=\"attachment wp-att-4484\"><img loading=\"lazy\" decoding=\"async\" class=\"aligncenter size-large wp-image-4484\" src=\"http:\/\/hbg-koeln.de\/wp-content\/uploads\/2016\/05\/Gruppe-1024x682.jpg\" alt=\"Regionalverbundfinale Jugend debattiert 1\" width=\"604\" height=\"402\" srcset=\"https:\/\/hbg-koeln.de\/wp-content\/uploads\/2016\/05\/Gruppe-1024x682.jpg 1024w, https:\/\/hbg-koeln.de\/wp-content\/uploads\/2016\/05\/Gruppe-300x200.jpg 300w, https:\/\/hbg-koeln.de\/wp-content\/uploads\/2016\/05\/Gruppe-768x512.jpg 768w, https:\/\/hbg-koeln.de\/wp-content\/uploads\/2016\/05\/Gruppe.jpg 1181w\" sizes=\"auto, (max-width: 604px) 100vw, 604px\" \/><\/a><\/p>\n","protected":false},"excerpt":{"rendered":"<p>HBG nimmt erfolgreich am Regionalverbundfinale Jugend debattiert teil Am Mittwoch, den 9. M\u00e4rz 2016 fand am Johann-Gottfried-Herder-Gymnasium in K\u00f6ln-Buchheim das Regionalverbundfinale Jugend debattiert statt, an dem die HBG als eine von insgesamt acht K\u00f6lner Schulen in<a class=\"moretag\" href=\"https:\/\/hbg-koeln.de\/?p=4483\">Read More&#8230;<\/a><\/p>\n","protected":false},"author":11,"featured_media":0,"comment_status":"closed","ping_status":"open","sticky":false,"template":"","format":"standard","meta":{"ngg_post_thumbnail":0,"footnotes":""},"categories":[1],"tags":[],"class_list":["post-4483","post","type-post","status-publish","format-standard","hentry","category-allgemein"],"_links":{"self":[{"href":"https:\/\/hbg-koeln.de\/index.php?rest_route=\/wp\/v2\/posts\/4483","targetHints":{"allow":["GET"]}}],"collection":[{"href":"https:\/\/hbg-koeln.de\/index.php?rest_route=\/wp\/v2\/posts"}],"about":[{"href":"https:\/\/hbg-koeln.de\/index.php?rest_route=\/wp\/v2\/types\/post"}],"author":[{"embeddable":true,"href":"https:\/\/hbg-koeln.de\/index.php?rest_route=\/wp\/v2\/users\/11"}],"replies":[{"embeddable":true,"href":"https:\/\/hbg-koeln.de\/index.php?rest_route=%2Fwp%2Fv2%2Fcomments&post=4483"}],"version-history":[{"count":2,"href":"https:\/\/hbg-koeln.de\/index.php?rest_route=\/wp\/v2\/posts\/4483\/revisions"}],"predecessor-version":[{"id":4503,"href":"https:\/\/hbg-koeln.de\/index.php?rest_route=\/wp\/v2\/posts\/4483\/revisions\/4503"}],"wp:attachment":[{"href":"https:\/\/hbg-koeln.de\/index.php?rest_route=%2Fwp%2Fv2%2Fmedia&parent=4483"}],"wp:term":[{"taxonomy":"category","embeddable":true,"href":"https:\/\/hbg-koeln.de\/index.php?rest_route=%2Fwp%2Fv2%2Fcategories&post=4483"},{"taxonomy":"post_tag","embeddable":true,"href":"https:\/\/hbg-koeln.de\/index.php?rest_route=%2Fwp%2Fv2%2Ftags&post=4483"}],"curies":[{"name":"wp","href":"https:\/\/api.w.org\/{rel}","templated":true}]}}