{"id":4622,"date":"2016-06-20T16:00:24","date_gmt":"2016-06-20T14:00:24","guid":{"rendered":"http:\/\/hbg-koeln.de\/?p=4622"},"modified":"2016-06-30T15:36:40","modified_gmt":"2016-06-30T13:36:40","slug":"stadtmeisterschaften-im-radsport-2016-rund-um-die-heinrich-boell-gesamtschule","status":"publish","type":"post","link":"https:\/\/hbg-koeln.de\/?p=4622","title":{"rendered":"Stadtmeisterschaften im Radsport 2016 \u201cRund um die Heinrich-B\u00f6ll-Gesamtschule\u201c"},"content":{"rendered":"<p><img loading=\"lazy\" decoding=\"async\" class=\"alignleft wp-image-4892\" src=\"http:\/\/hbg-koeln.de\/wp-content\/uploads\/2016\/06\/radrennen2016-2-1024x682.jpg\" alt=\"radrennen2016-2\" width=\"256\" height=\"170\" srcset=\"https:\/\/hbg-koeln.de\/wp-content\/uploads\/2016\/06\/radrennen2016-2-1024x682.jpg 1024w, https:\/\/hbg-koeln.de\/wp-content\/uploads\/2016\/06\/radrennen2016-2-300x200.jpg 300w, https:\/\/hbg-koeln.de\/wp-content\/uploads\/2016\/06\/radrennen2016-2-768x512.jpg 768w, https:\/\/hbg-koeln.de\/wp-content\/uploads\/2016\/06\/radrennen2016-2.jpg 1600w\" sizes=\"auto, (max-width: 256px) 100vw, 256px\" \/><\/p>\n<p>Bei der Austragung der Stadtmeisterschaften im Stra\u00dfenradsport U 15 \u00fcber 12 Runden rund um die Schule war noch alles in Ordnung und ein spannender Fight entbrannte um das Siegertreppchen.<!--more--><\/p>\n<p>Doch dann \u00f6ffnete Petrus die Himmelsschleusen und alle waren klatschnass. Doch die Zuschauer lie\u00dfen sich nicht abschrecken um den Ausgang der Jahrgangsrennen zu erleben. Besonders beim Rennen \u201eZwei aus einer Klasse\u201c f\u00fcr den 5. und 6. Jahrgang bejubelten begeistert die Mitsch\u00fcler*innen ihre Klassenteilnehmer*innen.<\/p>\n<p>Missgeschicke passierten auch: hier glitt ein Fahrer auf dem rutschigen Boden aus, eine Kette sprang gleich zweimal ab, eine Kette riss beim Start oder ein P\u00e4rchen verpasste den Start.<\/p>\n<p>Doch \u00fcbergl\u00fccklich nahmen die Siegerpaare ihren kleinen Preis f\u00fcr ihre Klasse entgegen.<\/p>\n<p>Die Siegerehrung findet am 07.07. im PZ statt.<\/p>\n<p>Die Stadtmeisterschaften der U 17 wurden wegen des schlechten Wetters dann verk\u00fcrzt als Ausscheidungsrennen gefahren.<\/p>\n<p>Vielen herzlichen Dank allen Helfer*innen, den Sponsoren, der Radsportgemeinschaft der Heinrich-B\u00f6ll-Gesamtschule und der Schulleitung, die dieses Gro\u00dfereignis erst erm\u00f6glichten.<\/p>\n<p><a href=\"http:\/\/hbg-koeln.de\/wp-content\/uploads\/2016\/06\/radrennen2016-1.jpg\" rel=\"attachment wp-att-4891\"><img loading=\"lazy\" decoding=\"async\" class=\"aligncenter size-large wp-image-4891\" src=\"http:\/\/hbg-koeln.de\/wp-content\/uploads\/2016\/06\/radrennen2016-1-1024x682.jpg\" alt=\"radrennen2016-1\" width=\"604\" height=\"402\" srcset=\"https:\/\/hbg-koeln.de\/wp-content\/uploads\/2016\/06\/radrennen2016-1-1024x682.jpg 1024w, https:\/\/hbg-koeln.de\/wp-content\/uploads\/2016\/06\/radrennen2016-1-300x200.jpg 300w, https:\/\/hbg-koeln.de\/wp-content\/uploads\/2016\/06\/radrennen2016-1-768x512.jpg 768w, https:\/\/hbg-koeln.de\/wp-content\/uploads\/2016\/06\/radrennen2016-1.jpg 1600w\" sizes=\"auto, (max-width: 604px) 100vw, 604px\" \/><\/a> <a href=\"http:\/\/hbg-koeln.de\/wp-content\/uploads\/2016\/06\/radrennen2016-2.jpg\" rel=\"attachment wp-att-4892\"><img loading=\"lazy\" decoding=\"async\" class=\"aligncenter size-large wp-image-4892\" src=\"http:\/\/hbg-koeln.de\/wp-content\/uploads\/2016\/06\/radrennen2016-2-1024x682.jpg\" alt=\"radrennen2016-2\" width=\"604\" height=\"402\" srcset=\"https:\/\/hbg-koeln.de\/wp-content\/uploads\/2016\/06\/radrennen2016-2-1024x682.jpg 1024w, https:\/\/hbg-koeln.de\/wp-content\/uploads\/2016\/06\/radrennen2016-2-300x200.jpg 300w, https:\/\/hbg-koeln.de\/wp-content\/uploads\/2016\/06\/radrennen2016-2-768x512.jpg 768w, https:\/\/hbg-koeln.de\/wp-content\/uploads\/2016\/06\/radrennen2016-2.jpg 1600w\" sizes=\"auto, (max-width: 604px) 100vw, 604px\" \/><\/a> <a href=\"http:\/\/hbg-koeln.de\/wp-content\/uploads\/2016\/06\/radrennen2016-3.jpg\" rel=\"attachment wp-att-4893\"><img loading=\"lazy\" decoding=\"async\" class=\"aligncenter size-large wp-image-4893\" src=\"http:\/\/hbg-koeln.de\/wp-content\/uploads\/2016\/06\/radrennen2016-3-1024x682.jpg\" alt=\"radrennen2016-3\" width=\"604\" height=\"402\" srcset=\"https:\/\/hbg-koeln.de\/wp-content\/uploads\/2016\/06\/radrennen2016-3-1024x682.jpg 1024w, https:\/\/hbg-koeln.de\/wp-content\/uploads\/2016\/06\/radrennen2016-3-300x200.jpg 300w, https:\/\/hbg-koeln.de\/wp-content\/uploads\/2016\/06\/radrennen2016-3-768x512.jpg 768w, https:\/\/hbg-koeln.de\/wp-content\/uploads\/2016\/06\/radrennen2016-3.jpg 1600w\" sizes=\"auto, (max-width: 604px) 100vw, 604px\" \/><\/a><\/p>\n","protected":false},"excerpt":{"rendered":"<p>Bei der Austragung der Stadtmeisterschaften im Stra\u00dfenradsport U 15 \u00fcber 12 Runden rund um die Schule war noch alles in Ordnung und ein spannender Fight entbrannte um das Siegertreppchen.<\/p>\n","protected":false},"author":11,"featured_media":0,"comment_status":"closed","ping_status":"open","sticky":false,"template":"","format":"standard","meta":{"ngg_post_thumbnail":0,"footnotes":""},"categories":[1],"tags":[],"class_list":["post-4622","post","type-post","status-publish","format-standard","hentry","category-allgemein"],"_links":{"self":[{"href":"https:\/\/hbg-koeln.de\/index.php?rest_route=\/wp\/v2\/posts\/4622","targetHints":{"allow":["GET"]}}],"collection":[{"href":"https:\/\/hbg-koeln.de\/index.php?rest_route=\/wp\/v2\/posts"}],"about":[{"href":"https:\/\/hbg-koeln.de\/index.php?rest_route=\/wp\/v2\/types\/post"}],"author":[{"embeddable":true,"href":"https:\/\/hbg-koeln.de\/index.php?rest_route=\/wp\/v2\/users\/11"}],"replies":[{"embeddable":true,"href":"https:\/\/hbg-koeln.de\/index.php?rest_route=%2Fwp%2Fv2%2Fcomments&post=4622"}],"version-history":[{"count":6,"href":"https:\/\/hbg-koeln.de\/index.php?rest_route=\/wp\/v2\/posts\/4622\/revisions"}],"predecessor-version":[{"id":4925,"href":"https:\/\/hbg-koeln.de\/index.php?rest_route=\/wp\/v2\/posts\/4622\/revisions\/4925"}],"wp:attachment":[{"href":"https:\/\/hbg-koeln.de\/index.php?rest_route=%2Fwp%2Fv2%2Fmedia&parent=4622"}],"wp:term":[{"taxonomy":"category","embeddable":true,"href":"https:\/\/hbg-koeln.de\/index.php?rest_route=%2Fwp%2Fv2%2Fcategories&post=4622"},{"taxonomy":"post_tag","embeddable":true,"href":"https:\/\/hbg-koeln.de\/index.php?rest_route=%2Fwp%2Fv2%2Ftags&post=4622"}],"curies":[{"name":"wp","href":"https:\/\/api.w.org\/{rel}","templated":true}]}}