{"id":4895,"date":"2016-06-25T18:00:17","date_gmt":"2016-06-25T16:00:17","guid":{"rendered":"http:\/\/hbg-koeln.de\/?p=4895"},"modified":"2016-06-30T15:32:44","modified_gmt":"2016-06-30T13:32:44","slug":"festival-2016","status":"publish","type":"post","link":"https:\/\/hbg-koeln.de\/?p=4895","title":{"rendered":"Festival 2016"},"content":{"rendered":"<p><em>Ein Bericht von Regine Brand-Schmidtlein<\/em><\/p>\n<p><em><img loading=\"lazy\" decoding=\"async\" class=\"alignleft wp-image-4897\" src=\"http:\/\/hbg-koeln.de\/wp-content\/uploads\/ngg_featured\/Kuturfestival-2016.jpg\" alt=\"Kuturfestival-2016\" width=\"248\" height=\"351\" srcset=\"https:\/\/hbg-koeln.de\/wp-content\/uploads\/ngg_featured\/Kuturfestival-2016.jpg 424w, https:\/\/hbg-koeln.de\/wp-content\/uploads\/ngg_featured\/Kuturfestival-2016-212x300.jpg 212w\" sizes=\"auto, (max-width: 248px) 100vw, 248px\" \/><\/em>Am Donnerstag, dem 23.06. fand, wie jedes Jahr, das gro\u00dfe Kulturfestival statt, bei dem zahlreiche Gruppen der Schule ihr K\u00f6nnen pr\u00e4sentierten.<\/p>\n<p>In der Bibliothek sang der Schulchor unter Leitung von Andreas Hoffmann. Im FZ waren die kleine Big Band des 5. Jahrgangs und die gro\u00dfe Big Band des 6. &#8211; 8. Jahrgangs zu h\u00f6ren. Au\u00dferdem hatten mehrere Bands Gelegenheit zu zeigen, was sie in den Mittagsstationen ge\u00fcbt hatten &#8211; es beeindruckt immer wieder, wie professionell und souver\u00e4n auch die j\u00fcnsten Sch\u00fcler hier auf der B\u00fchne stehen.<br \/>\nAuch die Bands der praktischen Musikkurse, die zum Teil ja schon im &#8222;Faust&#8220; zu h\u00f6ren waren, zeigten ihr K\u00f6nnen.<\/p>\n<p><!--more--><br \/>\nBeeindruckend auch der M\u00e4dchenchor, der in der Mittagsfreizeit probt. Leider wird Elena Streicher, die dieses Projekt mit ins Leben gerufen hat, unsere Schule verlassen &#8211; die Sch\u00fclerinnen bedankten sich noch einmal bei ihr mit einem gro\u00dfartigen Auftritt, bei dem auch das Publikum mitsingen d\u00fcrfte.<br \/>\nIm Raum C 206, dem Proberaum der Darstellen und Gestalten Kurse, waren alle Kurse vom 6. bis zum 9. Jahrgang zu sehen. Von den ersten Bewegungsstudien zu Musik \u00fcber Schwarzlichtprojekte bis zur selbstgeschriebenen und \u00fcberzeugend gespielten Collage &#8211; wer alle Auff\u00fchrungen verfolgte, bekam einen exzellenten Einblick in die Inhalte dieses Hauptfachs!<br \/>\nZwischen den vielen Auff\u00fchrungen konnte man in der Kunstausstellung Ergebnisse verschiedener Kunstkurse bewundern und in der B\u00f6ll-Oase gab es wie immer leckere Kleinigkeiten, Getr\u00e4nke und nat\u00fcrlich die Gelegenheit, sich \u00fcber das Gesehene und Geh\u00f6rte auszutauschen.<br \/>\nDas Publikum zeigte sich, trotz der hohen Temperaturen, begeistert und spendete viel Applaus und Anerkennung.<\/p>\n<p>Hier noch ein kleiner Zusammenschnitt:<\/p>\n<div style=\"width: 604px;\" class=\"wp-video\"><video class=\"wp-video-shortcode\" id=\"video-4895-1\" width=\"604\" height=\"340\" preload=\"metadata\" controls=\"controls\"><source type=\"video\/mp4\" src=\"http:\/\/hbg-koeln.de\/wp-content\/uploads\/2016\/06\/HBG-Festival-2016-kurz.mp4?_=1\" \/><a href=\"http:\/\/hbg-koeln.de\/wp-content\/uploads\/2016\/06\/HBG-Festival-2016-kurz.mp4\">http:\/\/hbg-koeln.de\/wp-content\/uploads\/2016\/06\/HBG-Festival-2016-kurz.mp4<\/a><\/video><\/div>\n","protected":false},"excerpt":{"rendered":"<p>Ein Bericht von Regine Brand-Schmidtlein Am Donnerstag, dem 23.06. fand, wie jedes Jahr, das gro\u00dfe Kulturfestival statt, bei dem zahlreiche Gruppen der Schule ihr K\u00f6nnen pr\u00e4sentierten. In der Bibliothek sang der Schulchor unter Leitung von Andreas<a class=\"moretag\" href=\"https:\/\/hbg-koeln.de\/?p=4895\">Read More&#8230;<\/a><\/p>\n","protected":false},"author":11,"featured_media":0,"comment_status":"closed","ping_status":"open","sticky":false,"template":"","format":"standard","meta":{"ngg_post_thumbnail":0,"footnotes":""},"categories":[1],"tags":[],"class_list":["post-4895","post","type-post","status-publish","format-standard","hentry","category-allgemein"],"_links":{"self":[{"href":"https:\/\/hbg-koeln.de\/index.php?rest_route=\/wp\/v2\/posts\/4895","targetHints":{"allow":["GET"]}}],"collection":[{"href":"https:\/\/hbg-koeln.de\/index.php?rest_route=\/wp\/v2\/posts"}],"about":[{"href":"https:\/\/hbg-koeln.de\/index.php?rest_route=\/wp\/v2\/types\/post"}],"author":[{"embeddable":true,"href":"https:\/\/hbg-koeln.de\/index.php?rest_route=\/wp\/v2\/users\/11"}],"replies":[{"embeddable":true,"href":"https:\/\/hbg-koeln.de\/index.php?rest_route=%2Fwp%2Fv2%2Fcomments&post=4895"}],"version-history":[{"count":7,"href":"https:\/\/hbg-koeln.de\/index.php?rest_route=\/wp\/v2\/posts\/4895\/revisions"}],"predecessor-version":[{"id":4922,"href":"https:\/\/hbg-koeln.de\/index.php?rest_route=\/wp\/v2\/posts\/4895\/revisions\/4922"}],"wp:attachment":[{"href":"https:\/\/hbg-koeln.de\/index.php?rest_route=%2Fwp%2Fv2%2Fmedia&parent=4895"}],"wp:term":[{"taxonomy":"category","embeddable":true,"href":"https:\/\/hbg-koeln.de\/index.php?rest_route=%2Fwp%2Fv2%2Fcategories&post=4895"},{"taxonomy":"post_tag","embeddable":true,"href":"https:\/\/hbg-koeln.de\/index.php?rest_route=%2Fwp%2Fv2%2Ftags&post=4895"}],"curies":[{"name":"wp","href":"https:\/\/api.w.org\/{rel}","templated":true}]}}