{"id":4938,"date":"2016-07-04T06:29:47","date_gmt":"2016-07-04T04:29:47","guid":{"rendered":"http:\/\/hbg-koeln.de\/?p=4938"},"modified":"2016-07-04T06:30:35","modified_gmt":"2016-07-04T04:30:35","slug":"teilnahme-an-der-cinefete-2016-mit-dem-9-jahrgang-franzoesisch","status":"publish","type":"post","link":"https:\/\/hbg-koeln.de\/?p=4938","title":{"rendered":"Teilnahme an der \u201eCin\u00e9f\u00eate 2016\u201c  mit dem 9. Jahrgang, Franz\u00f6sisch"},"content":{"rendered":"<p><em>Ein Bericht von Chantal Romana Nolte, 9.2, und Phillip Kuntkan, 9.3.<\/em><\/p>\n<p><img loading=\"lazy\" decoding=\"async\" class=\"wp-image-4939 alignleft\" src=\"http:\/\/hbg-koeln.de\/wp-content\/uploads\/2016\/07\/Tafelbild-Belier.jpg\" alt=\"Tafelbild-cinefete 2016\" width=\"449\" height=\"253\" srcset=\"https:\/\/hbg-koeln.de\/wp-content\/uploads\/2016\/07\/Tafelbild-Belier.jpg 591w, https:\/\/hbg-koeln.de\/wp-content\/uploads\/2016\/07\/Tafelbild-Belier-300x169.jpg 300w\" sizes=\"auto, (max-width: 449px) 100vw, 449px\" \/>Am 3.5.2016 waren die Franz\u00f6sischkurse der Klassen 9 (WP-1 und -2)\u00a0 im Weisshaus Kino in S\u00fclz und haben im Rahmen des franz\u00f6sischen Jugendfilmfests den Film \u201cla famille B\u00e9lier\u201c (\u201eVerstehen sie die B\u00e9liers?\u201c) auf Franz\u00f6sisch mit deutschen Untertiteln geguckt.<\/p>\n<p>In diesem Film geht es um die Familie B\u00e9lier, deren Tochter Paula als einzige nicht geh\u00f6rlos geboren wurde. Dadurch hat die Tochter namens Paula die Aufgabe, ihren Eltern und ihrem Bruder durch den Alltag zu helfen. Die Eltern betreiben eine K\u00e4serei wie auch ein Wochenmarktstand, wo sie ihre Produkte verkaufen.<!--more--><\/p>\n<p>Paula kommt durch ein Missverst\u00e4ndnis in den Chor ihrer Schule, ihr Chorlehrer bemerkt, dass sie ein Talent f\u00fcr das Singen hat und gibt ihr die Hauptrolle in einer Auff\u00fchrung. Ebenfalls bekommt sie das Angebot in Paris vorzusingen um auf einer Hochschule f\u00fcr Musik angenommen zu werden\u2026. Damit brauen sich viele Probleme zusammen.<\/p>\n<p>Im voll besetzten Kino waren nat\u00fcrlich nicht nur die drei Kurse von unserer Schule, sondern auch andere Franz\u00f6sischklassen von anderen Schulen. Das Kino hatte eine sehr sch\u00f6ne Atmosph\u00e4re f\u00fcr den Film. Auch der Sound und die Bildqualit\u00e4t haben \u00fcberrascht. Es hat sehr viel Spa\u00df gemacht, diesen Film zu gucken.<\/p>\n<p>Phillip: \u201eIch fand den Film sch\u00f6n und sehr emotionsvoll. Die Handlung war gut \u00fcberlegt und jede einzelne Szene war gut bedacht.\u201c<\/p>\n<p>Chantal: \u201eDer Film hat mich an meine emotionalen Grenzen gebracht. &#8230; Diesen Film kann man nur weiterempfehlen.\u201c<\/p>\n<p>Wir finden, in der 9. oder 10. Klasse sollten die WP-Franz\u00f6sischkurse einmal in einem Kino einen franz\u00f6sischen Film gesehen haben, so dass man ein besseres Gef\u00fchl f\u00fcr die Sprache bekommt und vielleicht ein paar Vokabeln beh\u00e4lt. Wir haben uns im\u00a0 WP-1 Kurs noch ein paar Unterrichtsstunden mit dem Film besch\u00e4ftigt.<\/p>\n<p>Der Film ist weiterzuempfehlen, selbst f\u00fcr die, die kein Franz\u00f6sisch m\u00f6gen, ist er ein Genuss.<\/p>\n<p>&nbsp;<\/p>\n","protected":false},"excerpt":{"rendered":"<p>Ein Bericht von Chantal Romana Nolte, 9.2, und Phillip Kuntkan, 9.3. Am 3.5.2016 waren die Franz\u00f6sischkurse der Klassen 9 (WP-1 und -2)\u00a0 im Weisshaus Kino in S\u00fclz und haben im Rahmen des franz\u00f6sischen Jugendfilmfests den Film<a class=\"moretag\" href=\"https:\/\/hbg-koeln.de\/?p=4938\">Read More&#8230;<\/a><\/p>\n","protected":false},"author":11,"featured_media":0,"comment_status":"closed","ping_status":"open","sticky":false,"template":"","format":"standard","meta":{"ngg_post_thumbnail":0,"footnotes":""},"categories":[1],"tags":[],"class_list":["post-4938","post","type-post","status-publish","format-standard","hentry","category-allgemein"],"_links":{"self":[{"href":"https:\/\/hbg-koeln.de\/index.php?rest_route=\/wp\/v2\/posts\/4938","targetHints":{"allow":["GET"]}}],"collection":[{"href":"https:\/\/hbg-koeln.de\/index.php?rest_route=\/wp\/v2\/posts"}],"about":[{"href":"https:\/\/hbg-koeln.de\/index.php?rest_route=\/wp\/v2\/types\/post"}],"author":[{"embeddable":true,"href":"https:\/\/hbg-koeln.de\/index.php?rest_route=\/wp\/v2\/users\/11"}],"replies":[{"embeddable":true,"href":"https:\/\/hbg-koeln.de\/index.php?rest_route=%2Fwp%2Fv2%2Fcomments&post=4938"}],"version-history":[{"count":2,"href":"https:\/\/hbg-koeln.de\/index.php?rest_route=\/wp\/v2\/posts\/4938\/revisions"}],"predecessor-version":[{"id":4941,"href":"https:\/\/hbg-koeln.de\/index.php?rest_route=\/wp\/v2\/posts\/4938\/revisions\/4941"}],"wp:attachment":[{"href":"https:\/\/hbg-koeln.de\/index.php?rest_route=%2Fwp%2Fv2%2Fmedia&parent=4938"}],"wp:term":[{"taxonomy":"category","embeddable":true,"href":"https:\/\/hbg-koeln.de\/index.php?rest_route=%2Fwp%2Fv2%2Fcategories&post=4938"},{"taxonomy":"post_tag","embeddable":true,"href":"https:\/\/hbg-koeln.de\/index.php?rest_route=%2Fwp%2Fv2%2Ftags&post=4938"}],"curies":[{"name":"wp","href":"https:\/\/api.w.org\/{rel}","templated":true}]}}