{"id":4948,"date":"2016-07-15T09:18:28","date_gmt":"2016-07-15T07:18:28","guid":{"rendered":"http:\/\/hbg-koeln.de\/?p=4948"},"modified":"2016-07-15T09:18:28","modified_gmt":"2016-07-15T07:18:28","slug":"sommerferien","status":"publish","type":"post","link":"https:\/\/hbg-koeln.de\/?p=4948","title":{"rendered":"Sommerferien"},"content":{"rendered":"<p><a href=\"http:\/\/hbg-koeln.de\/wp-content\/uploads\/2016\/07\/Schulhof1.jpg\" rel=\"attachment wp-att-4949\"><img loading=\"lazy\" decoding=\"async\" class=\"alignnone size-medium wp-image-4949\" src=\"http:\/\/hbg-koeln.de\/wp-content\/uploads\/2016\/07\/Schulhof1-300x159.jpg\" alt=\"Schulhof1\" width=\"300\" height=\"159\" srcset=\"https:\/\/hbg-koeln.de\/wp-content\/uploads\/2016\/07\/Schulhof1-300x159.jpg 300w, https:\/\/hbg-koeln.de\/wp-content\/uploads\/2016\/07\/Schulhof1.jpg 591w\" sizes=\"auto, (max-width: 300px) 100vw, 300px\" \/><\/a><\/p>\n<p>Liebe Eltern, liebe Sch\u00fclerinnen und Sch\u00fcler, liebe Leserinnen und Leser unserer Homepage,<\/p>\n<p>wir w\u00fcnschen allen erholsame Sommerferien.<\/p>\n<p>Unser Sekretariat ist wieder ab dem 16.08.16 von 9.30-11.45 Uhr ge\u00f6ffnet. Am Mittwoch, 24.08.2016 beginnt f\u00fcr alle Sch\u00fclerinnen und Sch\u00fcler ab dem 6. Jahrgang um 8.00 Uhr der Unterricht. Die Einschulungsfeier f\u00fcr den neuen 5. Jahrgang findet um 13 Uhr im P\u00e4dagogischen Zentrum statt.<\/p>\n<p>Mit herzlichem Gru\u00df<\/p>\n<p>Rolf Grisard (Schulleiter)<\/p>\n","protected":false},"excerpt":{"rendered":"<p>Liebe Eltern, liebe Sch\u00fclerinnen und Sch\u00fcler, liebe Leserinnen und Leser unserer Homepage, wir w\u00fcnschen allen erholsame Sommerferien. Unser Sekretariat ist wieder ab dem 16.08.16 von 9.30-11.45 Uhr ge\u00f6ffnet. Am Mittwoch, 24.08.2016 beginnt f\u00fcr alle Sch\u00fclerinnen und<a class=\"moretag\" href=\"https:\/\/hbg-koeln.de\/?p=4948\">Read More&#8230;<\/a><\/p>\n","protected":false},"author":9,"featured_media":0,"comment_status":"closed","ping_status":"open","sticky":false,"template":"","format":"standard","meta":{"ngg_post_thumbnail":0,"footnotes":""},"categories":[1],"tags":[],"class_list":["post-4948","post","type-post","status-publish","format-standard","hentry","category-allgemein"],"_links":{"self":[{"href":"https:\/\/hbg-koeln.de\/index.php?rest_route=\/wp\/v2\/posts\/4948","targetHints":{"allow":["GET"]}}],"collection":[{"href":"https:\/\/hbg-koeln.de\/index.php?rest_route=\/wp\/v2\/posts"}],"about":[{"href":"https:\/\/hbg-koeln.de\/index.php?rest_route=\/wp\/v2\/types\/post"}],"author":[{"embeddable":true,"href":"https:\/\/hbg-koeln.de\/index.php?rest_route=\/wp\/v2\/users\/9"}],"replies":[{"embeddable":true,"href":"https:\/\/hbg-koeln.de\/index.php?rest_route=%2Fwp%2Fv2%2Fcomments&post=4948"}],"version-history":[{"count":2,"href":"https:\/\/hbg-koeln.de\/index.php?rest_route=\/wp\/v2\/posts\/4948\/revisions"}],"predecessor-version":[{"id":4951,"href":"https:\/\/hbg-koeln.de\/index.php?rest_route=\/wp\/v2\/posts\/4948\/revisions\/4951"}],"wp:attachment":[{"href":"https:\/\/hbg-koeln.de\/index.php?rest_route=%2Fwp%2Fv2%2Fmedia&parent=4948"}],"wp:term":[{"taxonomy":"category","embeddable":true,"href":"https:\/\/hbg-koeln.de\/index.php?rest_route=%2Fwp%2Fv2%2Fcategories&post=4948"},{"taxonomy":"post_tag","embeddable":true,"href":"https:\/\/hbg-koeln.de\/index.php?rest_route=%2Fwp%2Fv2%2Ftags&post=4948"}],"curies":[{"name":"wp","href":"https:\/\/api.w.org\/{rel}","templated":true}]}}