{"id":4975,"date":"2016-09-02T07:33:53","date_gmt":"2016-09-02T05:33:53","guid":{"rendered":"http:\/\/hbg-koeln.de\/?p=4975"},"modified":"2016-09-03T07:26:35","modified_gmt":"2016-09-03T05:26:35","slug":"ein-tag-voller-bewegung-fuer-die-ef-und-die-q1","status":"publish","type":"post","link":"https:\/\/hbg-koeln.de\/?p=4975","title":{"rendered":"Ein Tag voller Bewegung f\u00fcr die EF und die Q1"},"content":{"rendered":"<p><a href=\"http:\/\/hbg-koeln.de\/wp-content\/uploads\/2016\/09\/031.jpg\"><img loading=\"lazy\" decoding=\"async\" class=\"alignleft size-medium wp-image-5000\" src=\"http:\/\/hbg-koeln.de\/wp-content\/uploads\/2016\/09\/031-300x300.jpg\" alt=\"BewegungsTag Golf\" width=\"300\" height=\"300\" srcset=\"https:\/\/hbg-koeln.de\/wp-content\/uploads\/2016\/09\/031-300x300.jpg 300w, https:\/\/hbg-koeln.de\/wp-content\/uploads\/2016\/09\/031-150x150.jpg 150w, https:\/\/hbg-koeln.de\/wp-content\/uploads\/2016\/09\/031-220x220.jpg 220w, https:\/\/hbg-koeln.de\/wp-content\/uploads\/2016\/09\/031.jpg 640w\" sizes=\"auto, (max-width: 300px) 100vw, 300px\" \/><\/a><em>Ein Bericht von Lea L\u00f6ffler, Q1<\/em><\/p>\n<p>Kurz vor den Ferien wurde f\u00fcr die Sch\u00fclerinnen und Sch\u00fclern der 11. und 12. Jahrgangsstufe ein besonderer Unterrichtstag organisiert. Am Mittwoch, den 6. Juli 2016, fand ein bewegungsfreudiger Sporttag statt, welcher die M\u00f6glichkeit gab, viele Sportarten kennen zu lernen. Im voraus sollten W\u00fcnsche f\u00fcr zwei Module notiert werden und so stand fest, wer wann wo mitmachen durfte.<\/p>\n<p><!--more--><\/p>\n<p>Am Tag selbst fand das erste Modul von 9:30-11:00 Uhr und das zweite von 12:30-14:00 Uhr statt. Die Pause dazwischen gab die M\u00f6glichkeit den Ort zu wechseln, was auch in fast jedem Fall notwendig war. Auf dem Schulgel\u00e4nde wurden Boule, Bogenschie\u00dfen, Yoga, Stepaerobic, Standardtanz, Tischtennis und Basketball angeboten. Jeweils ein oder zwei Lehrer \u00fcbernahmen ein Angebot, wobei fast jedes vormittags wie nachmittags stattfand. Au\u00dferhalb der Schule fand Klettern in der Kletterfabrik in Ehrenfeld und in Chorweiler und im Hochseilgarten am F\u00fchlinger See, Schwimmen (Chorweiler), Rudern (F\u00fchlinger See), Tennis (Chorweiler) und Golfen (Pulheim) statt.<\/p>\n<p>Ich hatte Golf und Schwimmen gew\u00e4hlt und startete mit den anderen p\u00fcnktlich an der Anlage in Pulheim mit Herrn Siefener und einem Golflehrer der Anlage. Zuerst erprobten wir das sogenannte \u201epatten\u201c, bei welchem man, auf dem Gr\u00fcn,\u00a0 versucht die B\u00e4lle einzulochen. Spielerisch wurden wir herangef\u00fchrt. Sp\u00e4ter ging es dann auf der \u201edriving ranch\u201c darum, die B\u00e4lle so weit wie m\u00f6glich zu spielen, was gar nicht einfach war, jedoch ebenfalls sehr viel Spa\u00df machte.<\/p>\n<p>Am Nachmittag trafen wir uns vor dem Chorweilerbad. Nach ein paar Bahnen Einschwimmen teilten wir die Gruppe und zu sechst \u00fcbten wir eine Choreografie in der Art des Synchronschwimmens ein. Jedoch war es gar nicht leicht sich elegant zu halten. Die anderen begannen w\u00e4hrenddessen mit der Sportart Unterwasserrugby, welche darauf zielt, einen Ball in einen Korb unter Wasser zu bringen. Witzig sahen alle aus mit ihren Flossen, der Kappe und einem Schnorchel. Zum Ende hin kam sogar ein erkennbares Spiel zustande, unter Wasser nat\u00fcrlich. Geleitet haben dies Frau Dittmar und Herr Behrens.<\/p>\n<p>Es war ein sch\u00f6ner und erkenntnisreicher Tag, welcher die M\u00f6glichkeit gab, viel Neues zu erfahren.<\/p>\n<p><!-- default-view.php -->\n<div\n\tclass=\"ngg-galleryoverview default-view\n\t\t\"\n\tid=\"ngg-gallery-43d097dfc77cbb07efca88ec15ac47d3-1\"\n\tdata-nextgen-gallery-id=\"56\"\n\tdata-gallery-id=\"56\"\n\t\tdata-gallery-name=\"Bewegungsfreudiger Tag 2016\"\n\t>\n\n\t\t<!-- Thumbnails -->\n\t\t\t\t<div id=\"ngg-image-0\" class=\"ngg-gallery-thumbnail-box\n\t\t\t\t\t\t\t\t\t\t\t\"\n\t\t\t>\n\t\t\t\t\t\t<div class=\"ngg-gallery-thumbnail\">\n\t\t<a href=\"https:\/\/hbg-koeln.de\/wp-content\/gallery\/bewegungsfreudiger-tag-2016\/006.jpg?t=1472880403\"\n\t\t\ttitle=\"\"\n\t\t\tdata-src=\"https:\/\/hbg-koeln.de\/wp-content\/gallery\/bewegungsfreudiger-tag-2016\/006.jpg?t=1472880403\"\n\t\t\tdata-thumbnail=\"https:\/\/hbg-koeln.de\/wp-content\/gallery\/bewegungsfreudiger-tag-2016\/thumbs\/thumbs_006.jpg?t=1472880403\"\n\t\t\tdata-image-id=\"1070\"\n\t\t\tdata-image-name=\"006.jpg\"\n\t\t\tdata-title=\"006\"\n\t\t\tdata-description=\"\"\n\t\t\tdata-image-slug=\"006-1\"\n\t\t\t\t\t\t\t\t\t\t\t\t\t\t\t\t\t\t\t\tclass=\"shutterset_43d097dfc77cbb07efca88ec15ac47d3\">\n\t\t\t\t\t\t\t\t<img\n\t\t\t\t\ttitle=\"006\"\n\t\t\t\t\talt=\"006\"\n\t\t\t\t\tsrc=\"https:\/\/hbg-koeln.de\/wp-content\/gallery\/bewegungsfreudiger-tag-2016\/thumbs\/thumbs_006.jpg?t=1472880403\"\n\t\t\t\t\twidth=\"100\"\n\t\t\t\t\theight=\"75\"\n\t\t\t\t\tstyle=\"max-width:100%;\"\n\t\t\t\t\/>\n\t\t\t<\/a>\n\t\t<\/div>\n\t\t\t\t\t\t\t<\/div>\n\t\t\t\n\t\t\t\t<div id=\"ngg-image-1\" class=\"ngg-gallery-thumbnail-box\n\t\t\t\t\t\t\t\t\t\t\t\"\n\t\t\t>\n\t\t\t\t\t\t<div class=\"ngg-gallery-thumbnail\">\n\t\t<a href=\"https:\/\/hbg-koeln.de\/wp-content\/gallery\/bewegungsfreudiger-tag-2016\/011.jpg?t=1472794650\"\n\t\t\ttitle=\"\"\n\t\t\tdata-src=\"https:\/\/hbg-koeln.de\/wp-content\/gallery\/bewegungsfreudiger-tag-2016\/011.jpg?t=1472794650\"\n\t\t\tdata-thumbnail=\"https:\/\/hbg-koeln.de\/wp-content\/gallery\/bewegungsfreudiger-tag-2016\/thumbs\/thumbs_011.jpg?t=1472794650\"\n\t\t\tdata-image-id=\"1071\"\n\t\t\tdata-image-name=\"011.jpg\"\n\t\t\tdata-title=\"011\"\n\t\t\tdata-description=\"\"\n\t\t\tdata-image-slug=\"011-1\"\n\t\t\t\t\t\t\t\t\t\t\t\t\t\t\t\t\t\t\t\tclass=\"shutterset_43d097dfc77cbb07efca88ec15ac47d3\">\n\t\t\t\t\t\t\t\t<img\n\t\t\t\t\ttitle=\"011\"\n\t\t\t\t\talt=\"011\"\n\t\t\t\t\tsrc=\"https:\/\/hbg-koeln.de\/wp-content\/gallery\/bewegungsfreudiger-tag-2016\/thumbs\/thumbs_011.jpg?t=1472794650\"\n\t\t\t\t\twidth=\"100\"\n\t\t\t\t\theight=\"75\"\n\t\t\t\t\tstyle=\"max-width:100%;\"\n\t\t\t\t\/>\n\t\t\t<\/a>\n\t\t<\/div>\n\t\t\t\t\t\t\t<\/div>\n\t\t\t\n\t\t\t\t<div id=\"ngg-image-2\" class=\"ngg-gallery-thumbnail-box\n\t\t\t\t\t\t\t\t\t\t\t\"\n\t\t\t>\n\t\t\t\t\t\t<div class=\"ngg-gallery-thumbnail\">\n\t\t<a href=\"https:\/\/hbg-koeln.de\/wp-content\/gallery\/bewegungsfreudiger-tag-2016\/012.jpg?t=1472794657\"\n\t\t\ttitle=\"\"\n\t\t\tdata-src=\"https:\/\/hbg-koeln.de\/wp-content\/gallery\/bewegungsfreudiger-tag-2016\/012.jpg?t=1472794657\"\n\t\t\tdata-thumbnail=\"https:\/\/hbg-koeln.de\/wp-content\/gallery\/bewegungsfreudiger-tag-2016\/thumbs\/thumbs_012.jpg?t=1472794657\"\n\t\t\tdata-image-id=\"1072\"\n\t\t\tdata-image-name=\"012.jpg\"\n\t\t\tdata-title=\"012\"\n\t\t\tdata-description=\"\"\n\t\t\tdata-image-slug=\"012\"\n\t\t\t\t\t\t\t\t\t\t\t\t\t\t\t\t\t\t\t\tclass=\"shutterset_43d097dfc77cbb07efca88ec15ac47d3\">\n\t\t\t\t\t\t\t\t<img\n\t\t\t\t\ttitle=\"012\"\n\t\t\t\t\talt=\"012\"\n\t\t\t\t\tsrc=\"https:\/\/hbg-koeln.de\/wp-content\/gallery\/bewegungsfreudiger-tag-2016\/thumbs\/thumbs_012.jpg?t=1472794657\"\n\t\t\t\t\twidth=\"100\"\n\t\t\t\t\theight=\"75\"\n\t\t\t\t\tstyle=\"max-width:100%;\"\n\t\t\t\t\/>\n\t\t\t<\/a>\n\t\t<\/div>\n\t\t\t\t\t\t\t<\/div>\n\t\t\t\n\t\t\t\t<div id=\"ngg-image-3\" class=\"ngg-gallery-thumbnail-box\n\t\t\t\t\t\t\t\t\t\t\t\"\n\t\t\t>\n\t\t\t\t\t\t<div class=\"ngg-gallery-thumbnail\">\n\t\t<a href=\"https:\/\/hbg-koeln.de\/wp-content\/gallery\/bewegungsfreudiger-tag-2016\/013.jpg?t=1472794662\"\n\t\t\ttitle=\"\"\n\t\t\tdata-src=\"https:\/\/hbg-koeln.de\/wp-content\/gallery\/bewegungsfreudiger-tag-2016\/013.jpg?t=1472794662\"\n\t\t\tdata-thumbnail=\"https:\/\/hbg-koeln.de\/wp-content\/gallery\/bewegungsfreudiger-tag-2016\/thumbs\/thumbs_013.jpg?t=1472794662\"\n\t\t\tdata-image-id=\"1073\"\n\t\t\tdata-image-name=\"013.jpg\"\n\t\t\tdata-title=\"013\"\n\t\t\tdata-description=\"\"\n\t\t\tdata-image-slug=\"013-3\"\n\t\t\t\t\t\t\t\t\t\t\t\t\t\t\t\t\t\t\t\tclass=\"shutterset_43d097dfc77cbb07efca88ec15ac47d3\">\n\t\t\t\t\t\t\t\t<img\n\t\t\t\t\ttitle=\"013\"\n\t\t\t\t\talt=\"013\"\n\t\t\t\t\tsrc=\"https:\/\/hbg-koeln.de\/wp-content\/gallery\/bewegungsfreudiger-tag-2016\/thumbs\/thumbs_013.jpg?t=1472794662\"\n\t\t\t\t\twidth=\"100\"\n\t\t\t\t\theight=\"75\"\n\t\t\t\t\tstyle=\"max-width:100%;\"\n\t\t\t\t\/>\n\t\t\t<\/a>\n\t\t<\/div>\n\t\t\t\t\t\t\t<\/div>\n\t\t\t\n\t\t\t\t<div id=\"ngg-image-4\" class=\"ngg-gallery-thumbnail-box\n\t\t\t\t\t\t\t\t\t\t\t\"\n\t\t\t>\n\t\t\t\t\t\t<div class=\"ngg-gallery-thumbnail\">\n\t\t<a href=\"https:\/\/hbg-koeln.de\/wp-content\/gallery\/bewegungsfreudiger-tag-2016\/023.jpg?t=1472794672\"\n\t\t\ttitle=\"\"\n\t\t\tdata-src=\"https:\/\/hbg-koeln.de\/wp-content\/gallery\/bewegungsfreudiger-tag-2016\/023.jpg?t=1472794672\"\n\t\t\tdata-thumbnail=\"https:\/\/hbg-koeln.de\/wp-content\/gallery\/bewegungsfreudiger-tag-2016\/thumbs\/thumbs_023.jpg?t=1472794672\"\n\t\t\tdata-image-id=\"1074\"\n\t\t\tdata-image-name=\"023.jpg\"\n\t\t\tdata-title=\"023\"\n\t\t\tdata-description=\"\"\n\t\t\tdata-image-slug=\"023\"\n\t\t\t\t\t\t\t\t\t\t\t\t\t\t\t\t\t\t\t\tclass=\"shutterset_43d097dfc77cbb07efca88ec15ac47d3\">\n\t\t\t\t\t\t\t\t<img\n\t\t\t\t\ttitle=\"023\"\n\t\t\t\t\talt=\"023\"\n\t\t\t\t\tsrc=\"https:\/\/hbg-koeln.de\/wp-content\/gallery\/bewegungsfreudiger-tag-2016\/thumbs\/thumbs_023.jpg?t=1472794672\"\n\t\t\t\t\twidth=\"100\"\n\t\t\t\t\theight=\"75\"\n\t\t\t\t\tstyle=\"max-width:100%;\"\n\t\t\t\t\/>\n\t\t\t<\/a>\n\t\t<\/div>\n\t\t\t\t\t\t\t<\/div>\n\t\t\t\n\t\t\t\t<div id=\"ngg-image-5\" class=\"ngg-gallery-thumbnail-box\n\t\t\t\t\t\t\t\t\t\t\t\"\n\t\t\t>\n\t\t\t\t\t\t<div class=\"ngg-gallery-thumbnail\">\n\t\t<a href=\"https:\/\/hbg-koeln.de\/wp-content\/gallery\/bewegungsfreudiger-tag-2016\/022.jpg?t=1472794683\"\n\t\t\ttitle=\"\"\n\t\t\tdata-src=\"https:\/\/hbg-koeln.de\/wp-content\/gallery\/bewegungsfreudiger-tag-2016\/022.jpg?t=1472794683\"\n\t\t\tdata-thumbnail=\"https:\/\/hbg-koeln.de\/wp-content\/gallery\/bewegungsfreudiger-tag-2016\/thumbs\/thumbs_022.jpg?t=1472794683\"\n\t\t\tdata-image-id=\"1075\"\n\t\t\tdata-image-name=\"022.jpg\"\n\t\t\tdata-title=\"022\"\n\t\t\tdata-description=\"\"\n\t\t\tdata-image-slug=\"022\"\n\t\t\t\t\t\t\t\t\t\t\t\t\t\t\t\t\t\t\t\tclass=\"shutterset_43d097dfc77cbb07efca88ec15ac47d3\">\n\t\t\t\t\t\t\t\t<img\n\t\t\t\t\ttitle=\"022\"\n\t\t\t\t\talt=\"022\"\n\t\t\t\t\tsrc=\"https:\/\/hbg-koeln.de\/wp-content\/gallery\/bewegungsfreudiger-tag-2016\/thumbs\/thumbs_022.jpg?t=1472794683\"\n\t\t\t\t\twidth=\"100\"\n\t\t\t\t\theight=\"75\"\n\t\t\t\t\tstyle=\"max-width:100%;\"\n\t\t\t\t\/>\n\t\t\t<\/a>\n\t\t<\/div>\n\t\t\t\t\t\t\t<\/div>\n\t\t\t\n\t\t\t\t<div id=\"ngg-image-6\" class=\"ngg-gallery-thumbnail-box\n\t\t\t\t\t\t\t\t\t\t\t\"\n\t\t\t>\n\t\t\t\t\t\t<div class=\"ngg-gallery-thumbnail\">\n\t\t<a href=\"https:\/\/hbg-koeln.de\/wp-content\/gallery\/bewegungsfreudiger-tag-2016\/031.jpg?t=1472794684\"\n\t\t\ttitle=\"\"\n\t\t\tdata-src=\"https:\/\/hbg-koeln.de\/wp-content\/gallery\/bewegungsfreudiger-tag-2016\/031.jpg?t=1472794684\"\n\t\t\tdata-thumbnail=\"https:\/\/hbg-koeln.de\/wp-content\/gallery\/bewegungsfreudiger-tag-2016\/thumbs\/thumbs_031.jpg?t=1472794684\"\n\t\t\tdata-image-id=\"1076\"\n\t\t\tdata-image-name=\"031.jpg\"\n\t\t\tdata-title=\"031\"\n\t\t\tdata-description=\"\"\n\t\t\tdata-image-slug=\"031\"\n\t\t\t\t\t\t\t\t\t\t\t\t\t\t\t\t\t\t\t\tclass=\"shutterset_43d097dfc77cbb07efca88ec15ac47d3\">\n\t\t\t\t\t\t\t\t<img\n\t\t\t\t\ttitle=\"031\"\n\t\t\t\t\talt=\"031\"\n\t\t\t\t\tsrc=\"https:\/\/hbg-koeln.de\/wp-content\/gallery\/bewegungsfreudiger-tag-2016\/thumbs\/thumbs_031.jpg?t=1472794684\"\n\t\t\t\t\twidth=\"100\"\n\t\t\t\t\theight=\"75\"\n\t\t\t\t\tstyle=\"max-width:100%;\"\n\t\t\t\t\/>\n\t\t\t<\/a>\n\t\t<\/div>\n\t\t\t\t\t\t\t<\/div>\n\t\t\t\n\t\n\t<br style=\"clear: both\" \/>\n\n\t\n\t\t<div class=\"ngg-clear\"><\/div>\n\t<\/div>\n<\/p>\n<p><span style=\"text-decoration: underline;\">Anmerkung: Vielen Dank an alle beteiligten Lehrkr\u00e4fte!<\/span><\/p>\n<ul>\n<li>Bogenschie\u00dfen: Spangenberg\/Dolata<\/li>\n<li>Synchronschwimmen: Dittmar<\/li>\n<li>Hochseilgarten: Dittmar<\/li>\n<li>Unterwasserrugby: Behrens<\/li>\n<li>Klettern: Overesch\/Sellmann<\/li>\n<li>Rudern: Kotte<\/li>\n<li>Stepaerobic: Wurl<\/li>\n<li>Tennis: Rhades\/R\u00f6llgen<\/li>\n<li>Yoga: Welli\u00e9<\/li>\n<li>Standardtanz: M\u00fcller<\/li>\n<li>Golf: Siefener\/Schulz\/Gogol<\/li>\n<li>Tischtennis: Becker<\/li>\n<li>Basketball: Laubinger<\/li>\n<\/ul>\n<p>DT<\/p>\n","protected":false},"excerpt":{"rendered":"<p>Ein Bericht von Lea L\u00f6ffler, Q1 Kurz vor den Ferien wurde f\u00fcr die Sch\u00fclerinnen und Sch\u00fclern der 11. und 12. Jahrgangsstufe ein besonderer Unterrichtstag organisiert. Am Mittwoch, den 6. Juli 2016, fand ein bewegungsfreudiger Sporttag statt,<a class=\"moretag\" href=\"https:\/\/hbg-koeln.de\/?p=4975\">Read More&#8230;<\/a><\/p>\n","protected":false},"author":11,"featured_media":0,"comment_status":"closed","ping_status":"open","sticky":false,"template":"","format":"standard","meta":{"ngg_post_thumbnail":0,"footnotes":""},"categories":[1],"tags":[],"class_list":["post-4975","post","type-post","status-publish","format-standard","hentry","category-allgemein"],"_links":{"self":[{"href":"https:\/\/hbg-koeln.de\/index.php?rest_route=\/wp\/v2\/posts\/4975","targetHints":{"allow":["GET"]}}],"collection":[{"href":"https:\/\/hbg-koeln.de\/index.php?rest_route=\/wp\/v2\/posts"}],"about":[{"href":"https:\/\/hbg-koeln.de\/index.php?rest_route=\/wp\/v2\/types\/post"}],"author":[{"embeddable":true,"href":"https:\/\/hbg-koeln.de\/index.php?rest_route=\/wp\/v2\/users\/11"}],"replies":[{"embeddable":true,"href":"https:\/\/hbg-koeln.de\/index.php?rest_route=%2Fwp%2Fv2%2Fcomments&post=4975"}],"version-history":[{"count":8,"href":"https:\/\/hbg-koeln.de\/index.php?rest_route=\/wp\/v2\/posts\/4975\/revisions"}],"predecessor-version":[{"id":5002,"href":"https:\/\/hbg-koeln.de\/index.php?rest_route=\/wp\/v2\/posts\/4975\/revisions\/5002"}],"wp:attachment":[{"href":"https:\/\/hbg-koeln.de\/index.php?rest_route=%2Fwp%2Fv2%2Fmedia&parent=4975"}],"wp:term":[{"taxonomy":"category","embeddable":true,"href":"https:\/\/hbg-koeln.de\/index.php?rest_route=%2Fwp%2Fv2%2Fcategories&post=4975"},{"taxonomy":"post_tag","embeddable":true,"href":"https:\/\/hbg-koeln.de\/index.php?rest_route=%2Fwp%2Fv2%2Ftags&post=4975"}],"curies":[{"name":"wp","href":"https:\/\/api.w.org\/{rel}","templated":true}]}}