{"id":5006,"date":"2016-09-09T07:04:22","date_gmt":"2016-09-09T05:04:22","guid":{"rendered":"http:\/\/hbg-koeln.de\/?p=5006"},"modified":"2016-09-11T19:56:58","modified_gmt":"2016-09-11T17:56:58","slug":"grosse-freude-ueber-den-2-platz-im-schulgartenwettbewerb","status":"publish","type":"post","link":"https:\/\/hbg-koeln.de\/?p=5006","title":{"rendered":"Gro\u00dfe Freude \u00fcber den 2. Platz im Schulgartenwettbewerb"},"content":{"rendered":"<p><em>Ein Bericht von Hille Lammers<\/em><\/p>\n<p><a href=\"http:\/\/hbg-koeln.de\/wp-content\/uploads\/2016\/09\/Schulgartenpreis.jpg\"><img loading=\"lazy\" decoding=\"async\" class=\"alignleft  wp-image-5007\" src=\"http:\/\/hbg-koeln.de\/wp-content\/uploads\/2016\/09\/Schulgartenpreis-300x157.jpg\" alt=\"Schulgartenpreis\" width=\"443\" height=\"232\" srcset=\"https:\/\/hbg-koeln.de\/wp-content\/uploads\/2016\/09\/Schulgartenpreis-300x157.jpg 300w, https:\/\/hbg-koeln.de\/wp-content\/uploads\/2016\/09\/Schulgartenpreis-768x402.jpg 768w, https:\/\/hbg-koeln.de\/wp-content\/uploads\/2016\/09\/Schulgartenpreis-1024x536.jpg 1024w, https:\/\/hbg-koeln.de\/wp-content\/uploads\/2016\/09\/Schulgartenpreis.jpg 1181w\" sizes=\"auto, (max-width: 443px) 100vw, 443px\" \/><\/a> Gro\u00dfe Freude herrschte bei den Kindern, Eltern, Ehrenamtlern und\u00a0 LehrerInnen am Samstag auf dem Tag des Gartens in der K\u00f6lner Messe, denn der Schulgarten der HBG wurde mit dem 2. Preis ausgezeichnet.<\/p>\n<p><!--more--><\/p>\n<p>Schon Anfang Juni hatten wir Fotos und das Konzept des Gartens als Wettbewerbsunterlagen beim Schulgartenwettbewerb zum \u201eTag des Gartens\u201c 2016 eingereicht. Noch vor den Sommerferien besuchte uns die Jury im Garten und erlebte eine 5er AG dort.\u00a0 Die Juroren zeigten sich beeindruckt von der Vielfalt des Gartens, der Gr\u00f6\u00dfe und dem guten Zustand. Auch konnten sie den Sch\u00fclerInnen beim Radieschenernten zuschauen.<\/p>\n<p>So waren wir schon mit Erwartungen am Samstag in die Messe gefahren. Zuerst wurde jeweils die Begr\u00fcndung f\u00fcr die Platzierung vorgelesen. Als es zum 2. Platz kam und das Mitwirkungskonzept von Kindern, Eltern und Ehrenamtlern gelobt wurde, war klar: das sind wir. 1000 \u20ac in Form eines Warengutscheines und 2 Paletten mit Gartenutensilien samt einer Urkunde wurden uns \u00fcberreicht. Wir freuen uns sehr \u00fcber diese Anerkennung und sehen es als Ansporn, die Gartenarbeit an der HBG weiter wachsen und gedeihen zu lassen.<\/p>\n<p><a href=\"http:\/\/hbg-koeln.de\/wp-content\/uploads\/2016\/09\/Gartenabbildung.jpg\"><img loading=\"lazy\" decoding=\"async\" class=\"alignleft  wp-image-5008\" src=\"http:\/\/hbg-koeln.de\/wp-content\/uploads\/2016\/09\/Gartenabbildung-300x176.jpg\" alt=\"Gartenabbildung\" width=\"419\" height=\"246\" srcset=\"https:\/\/hbg-koeln.de\/wp-content\/uploads\/2016\/09\/Gartenabbildung-300x176.jpg 300w, https:\/\/hbg-koeln.de\/wp-content\/uploads\/2016\/09\/Gartenabbildung-768x451.jpg 768w, https:\/\/hbg-koeln.de\/wp-content\/uploads\/2016\/09\/Gartenabbildung.jpg 787w\" sizes=\"auto, (max-width: 419px) 100vw, 419px\" \/><\/a><\/p>\n<p>&nbsp;<\/p>\n","protected":false},"excerpt":{"rendered":"<p>Ein Bericht von Hille Lammers Gro\u00dfe Freude herrschte bei den Kindern, Eltern, Ehrenamtlern und\u00a0 LehrerInnen am Samstag auf dem Tag des Gartens in der K\u00f6lner Messe, denn der Schulgarten der HBG wurde mit dem 2. Preis<a class=\"moretag\" href=\"https:\/\/hbg-koeln.de\/?p=5006\">Read More&#8230;<\/a><\/p>\n","protected":false},"author":11,"featured_media":0,"comment_status":"closed","ping_status":"open","sticky":false,"template":"","format":"standard","meta":{"ngg_post_thumbnail":0,"footnotes":""},"categories":[1],"tags":[],"class_list":["post-5006","post","type-post","status-publish","format-standard","hentry","category-allgemein"],"_links":{"self":[{"href":"https:\/\/hbg-koeln.de\/index.php?rest_route=\/wp\/v2\/posts\/5006","targetHints":{"allow":["GET"]}}],"collection":[{"href":"https:\/\/hbg-koeln.de\/index.php?rest_route=\/wp\/v2\/posts"}],"about":[{"href":"https:\/\/hbg-koeln.de\/index.php?rest_route=\/wp\/v2\/types\/post"}],"author":[{"embeddable":true,"href":"https:\/\/hbg-koeln.de\/index.php?rest_route=\/wp\/v2\/users\/11"}],"replies":[{"embeddable":true,"href":"https:\/\/hbg-koeln.de\/index.php?rest_route=%2Fwp%2Fv2%2Fcomments&post=5006"}],"version-history":[{"count":2,"href":"https:\/\/hbg-koeln.de\/index.php?rest_route=\/wp\/v2\/posts\/5006\/revisions"}],"predecessor-version":[{"id":5011,"href":"https:\/\/hbg-koeln.de\/index.php?rest_route=\/wp\/v2\/posts\/5006\/revisions\/5011"}],"wp:attachment":[{"href":"https:\/\/hbg-koeln.de\/index.php?rest_route=%2Fwp%2Fv2%2Fmedia&parent=5006"}],"wp:term":[{"taxonomy":"category","embeddable":true,"href":"https:\/\/hbg-koeln.de\/index.php?rest_route=%2Fwp%2Fv2%2Fcategories&post=5006"},{"taxonomy":"post_tag","embeddable":true,"href":"https:\/\/hbg-koeln.de\/index.php?rest_route=%2Fwp%2Fv2%2Ftags&post=5006"}],"curies":[{"name":"wp","href":"https:\/\/api.w.org\/{rel}","templated":true}]}}