{"id":5026,"date":"2016-09-18T19:37:59","date_gmt":"2016-09-18T17:37:59","guid":{"rendered":"http:\/\/hbg-koeln.de\/?p=5026"},"modified":"2016-09-26T19:32:04","modified_gmt":"2016-09-26T17:32:04","slug":"besuch-von-herrn-kossiki-landtagsabgeordneter-spd-in-der-heinrich-boell-gesamtschule","status":"publish","type":"post","link":"https:\/\/hbg-koeln.de\/?p=5026","title":{"rendered":"Besuch von Herrn Kossiski (Landtagsabgeordneter) in der Heinrich-B\u00f6ll-Gesamtschule"},"content":{"rendered":"<p><u><\/u><em>Ein Bericht von Nico Flock (Sch\u00fcler der EF)<\/em><\/p>\n<p>Am 12.09.2016 bekamen wir, der 11.Jahrgang der HBG K\u00f6ln, die M\u00f6glichkeit uns in einer gro\u00dfen Fragerunde mit einem Politiker aus dem Landtag NRW zu unterhalten.<\/p>\n<p><a href=\"http:\/\/hbg-koeln.de\/wp-content\/uploads\/2016\/09\/Kossiski1.jpg\"><img loading=\"lazy\" decoding=\"async\" class=\"wp-image-5036 alignleft\" src=\"http:\/\/hbg-koeln.de\/wp-content\/uploads\/2016\/09\/Kossiski1-300x124.jpg\" alt=\"Kossiski1]\" width=\"392\" height=\"162\" srcset=\"https:\/\/hbg-koeln.de\/wp-content\/uploads\/2016\/09\/Kossiski1-300x124.jpg 300w, https:\/\/hbg-koeln.de\/wp-content\/uploads\/2016\/09\/Kossiski1-768x317.jpg 768w, https:\/\/hbg-koeln.de\/wp-content\/uploads\/2016\/09\/Kossiski1.jpg 787w\" sizes=\"auto, (max-width: 392px) 100vw, 392px\" \/><\/a>Gemeint ist Herr Kossiski. Er ist Landtagsabgeordneter der SPD f\u00fcr den Wahlkreis des K\u00f6lner Nordens. Herr Kossiski hatte sich angeboten, an unsere Schule zu kommen, um mit uns \u00fcber politische Themen wie Fl\u00fcchtlinge, Gleichstellung von M\u00e4nnern und Frauen in der Arbeitswelt, Sport und vieles mehr zu diskutieren.<\/p>\n<p><!--more--><\/p>\n<p>Andreas Kossiski interessierte sich schon als Jugendlicher f\u00fcr die Politik. Vorbilder in der Politik ermutigten ihn schon mit 17 Jahren, sich bei den Jusos (SPD) zu engagieren. Was sp\u00e4ter zum Beruf wurde, war damals nur etwas, was er in seiner Freizeit aktiv verfolgen konnte, denn gelernt und gearbeitet hat er lange Zeit als Polizeibeamter. Die Arbeit als Polizist erm\u00f6glicht ihm heute, Entscheidungen oder Planungen rund um das Thema Sicherheit in K\u00f6ln verantwortungsvoll und sicher zu treffen.<\/p>\n<p>Schwerpunkt unserer Fragen an Herr Kossiski waren aktuelle Themen, wie die Fl\u00fcchtlingspolitik in Deutschland und die umstrittene Partei AfD, die Gleichstellung von Mann und Frau, die Vorkommnisse in der Silvesternacht in K\u00f6ln und der Sport. Herr Kossiski beantwortete alle Fragen sehr konkret und ausf\u00fchrlich, aber auch Emotionen waren mit im Spiel. Durch diese Veranstaltung an unserer Schule wurde uns ein Einblick in die Arbeit eines Politikers gegeben. Ebenfalls haben wir alle einen Eindruck davon bekommen, wof\u00fcr sich Herr Kossiski mit seiner Partei einsetzt und was deren Ziele sind.<\/p>\n<p><a href=\"http:\/\/hbg-koeln.de\/wp-content\/uploads\/2016\/09\/Kossiski2.jpg\"><img loading=\"lazy\" decoding=\"async\" class=\"alignnone wp-image-5039\" src=\"http:\/\/hbg-koeln.de\/wp-content\/uploads\/2016\/09\/Kossiski2-300x116.jpg\" alt=\"Kossiski2\" width=\"534\" height=\"206\" srcset=\"https:\/\/hbg-koeln.de\/wp-content\/uploads\/2016\/09\/Kossiski2-300x116.jpg 300w, https:\/\/hbg-koeln.de\/wp-content\/uploads\/2016\/09\/Kossiski2-768x296.jpg 768w, https:\/\/hbg-koeln.de\/wp-content\/uploads\/2016\/09\/Kossiski2.jpg 787w\" sizes=\"auto, (max-width: 534px) 100vw, 534px\" \/><\/a><\/p>\n<p>Die Sichtweise eines Politikers pers\u00f6nlich zu hinterfragen und neue Informationen aus dem Bereich Politik in Deutschland zu gewinnen, war f\u00fcr uns Sch\u00fcler etwas Neues. Wir sind alle recht positiv aus dieser Fragerunde herausgegangen und hoffen, dass auch nachkommenden Sch\u00fclern die M\u00f6glichkeit geboten wird, so Neues aus der politischen Welt zu erfahren und das pers\u00f6nliche Gespr\u00e4ch mit einem Politiker zu suchen.<\/p>\n","protected":false},"excerpt":{"rendered":"<p>Ein Bericht von Nico Flock (Sch\u00fcler der EF) Am 12.09.2016 bekamen wir, der 11.Jahrgang der HBG K\u00f6ln, die M\u00f6glichkeit uns in einer gro\u00dfen Fragerunde mit einem Politiker aus dem Landtag NRW zu unterhalten. Gemeint ist Herr<a class=\"moretag\" href=\"https:\/\/hbg-koeln.de\/?p=5026\">Read More&#8230;<\/a><\/p>\n","protected":false},"author":11,"featured_media":0,"comment_status":"closed","ping_status":"open","sticky":false,"template":"","format":"standard","meta":{"ngg_post_thumbnail":0,"footnotes":""},"categories":[13,1],"tags":[],"class_list":["post-5026","post","type-post","status-publish","format-standard","hentry","category-aktuelles","category-allgemein"],"_links":{"self":[{"href":"https:\/\/hbg-koeln.de\/index.php?rest_route=\/wp\/v2\/posts\/5026","targetHints":{"allow":["GET"]}}],"collection":[{"href":"https:\/\/hbg-koeln.de\/index.php?rest_route=\/wp\/v2\/posts"}],"about":[{"href":"https:\/\/hbg-koeln.de\/index.php?rest_route=\/wp\/v2\/types\/post"}],"author":[{"embeddable":true,"href":"https:\/\/hbg-koeln.de\/index.php?rest_route=\/wp\/v2\/users\/11"}],"replies":[{"embeddable":true,"href":"https:\/\/hbg-koeln.de\/index.php?rest_route=%2Fwp%2Fv2%2Fcomments&post=5026"}],"version-history":[{"count":9,"href":"https:\/\/hbg-koeln.de\/index.php?rest_route=\/wp\/v2\/posts\/5026\/revisions"}],"predecessor-version":[{"id":5042,"href":"https:\/\/hbg-koeln.de\/index.php?rest_route=\/wp\/v2\/posts\/5026\/revisions\/5042"}],"wp:attachment":[{"href":"https:\/\/hbg-koeln.de\/index.php?rest_route=%2Fwp%2Fv2%2Fmedia&parent=5026"}],"wp:term":[{"taxonomy":"category","embeddable":true,"href":"https:\/\/hbg-koeln.de\/index.php?rest_route=%2Fwp%2Fv2%2Fcategories&post=5026"},{"taxonomy":"post_tag","embeddable":true,"href":"https:\/\/hbg-koeln.de\/index.php?rest_route=%2Fwp%2Fv2%2Ftags&post=5026"}],"curies":[{"name":"wp","href":"https:\/\/api.w.org\/{rel}","templated":true}]}}