{"id":524,"date":"2012-09-11T08:31:02","date_gmt":"2012-09-11T06:31:02","guid":{"rendered":"http:\/\/hbg-koeln.de\/?p=524"},"modified":"2012-09-14T08:33:04","modified_gmt":"2012-09-14T06:33:04","slug":"instrumental-ag-gestartet","status":"publish","type":"post","link":"https:\/\/hbg-koeln.de\/?p=524","title":{"rendered":"Instrumental-AG gestartet"},"content":{"rendered":"<div>Zum neuen Schuljahr 2012\/2013 startete erstmalig die Instrumental-AG in allen 5.Klassen.<\/div>\n<div><\/div>\n<div>Die Idee zu der Instrumental-AG kam den Musiklehren im letzten Jahr. Angelehnt an die Bl\u00e4serklassen, die an anderen weiterf\u00fchrenden Schulen bereits eingerichtet wurden, wurde ein Konzept f\u00fcr die Heinrich-B\u00f6ll-Gesamtschule entwickelt, bei dem Sch\u00fclerinnen und Sch\u00fcler \u00fcber 2 Jahr ein Instrument in Kleingruppen erlernen k\u00f6nnen. Von Anfang an erhalten die Kinder neben dem Instrumentalunterricht auf ihrem Instrument auch Gruppenunterricht in gr\u00f6\u00dferen Gruppen (bis hin zur Gesamtprobe), um m\u00f6glichst fr\u00fch das Musizieren in gr\u00f6\u00dferen Gruppen und mit verschiedenen Instrumenten zu erfahren.<\/div>\n<div><\/div>\n<div>Neben den Blasinstrumenten Querfl\u00f6te, Saxophon und Trompete werden auch die Instrumente E-Gitarre, Bass-Gitarre, Klavier und Schlagzeug angeboten.<\/div>\n<div>Ausgestattet mit neuen Instrumenten \u00fcben nun insgesamt 20 M\u00e4dchen und Jungen (verteilt aus allen 5.Klassen) die ersten T\u00f6ne und ersten Lieder\u00a0um unter der Leitung von Matthias Wiedemann gemeinsam in der BigBand zu musizieren.<\/div>\n<div><\/div>\n<div>Wir freuen uns schon auf den ersten Auftritt&#8230;<\/div>\n<div><img decoding=\"async\" class=\"ngg-singlepic ngg-none\" src=\"http:\/\/hbg-koeln.de\/wp-content\/gallery\/2012-artikel\/dscn0414.jpg\" alt=\"dscn0414\" \/><\/div>\n","protected":false},"excerpt":{"rendered":"<p>Zum neuen Schuljahr 2012\/2013 startete erstmalig die Instrumental-AG in allen 5.Klassen. Die Idee zu der Instrumental-AG kam den Musiklehren im letzten Jahr. Angelehnt an die Bl\u00e4serklassen, die an anderen weiterf\u00fchrenden Schulen bereits eingerichtet wurden, wurde ein<a class=\"moretag\" href=\"https:\/\/hbg-koeln.de\/?p=524\">Read More&#8230;<\/a><\/p>\n","protected":false},"author":2,"featured_media":0,"comment_status":"closed","ping_status":"open","sticky":false,"template":"","format":"standard","meta":{"ngg_post_thumbnail":0,"footnotes":""},"categories":[5],"tags":[],"class_list":["post-524","post","type-post","status-publish","format-standard","hentry","category-kultur"],"_links":{"self":[{"href":"https:\/\/hbg-koeln.de\/index.php?rest_route=\/wp\/v2\/posts\/524","targetHints":{"allow":["GET"]}}],"collection":[{"href":"https:\/\/hbg-koeln.de\/index.php?rest_route=\/wp\/v2\/posts"}],"about":[{"href":"https:\/\/hbg-koeln.de\/index.php?rest_route=\/wp\/v2\/types\/post"}],"author":[{"embeddable":true,"href":"https:\/\/hbg-koeln.de\/index.php?rest_route=\/wp\/v2\/users\/2"}],"replies":[{"embeddable":true,"href":"https:\/\/hbg-koeln.de\/index.php?rest_route=%2Fwp%2Fv2%2Fcomments&post=524"}],"version-history":[{"count":2,"href":"https:\/\/hbg-koeln.de\/index.php?rest_route=\/wp\/v2\/posts\/524\/revisions"}],"predecessor-version":[{"id":526,"href":"https:\/\/hbg-koeln.de\/index.php?rest_route=\/wp\/v2\/posts\/524\/revisions\/526"}],"wp:attachment":[{"href":"https:\/\/hbg-koeln.de\/index.php?rest_route=%2Fwp%2Fv2%2Fmedia&parent=524"}],"wp:term":[{"taxonomy":"category","embeddable":true,"href":"https:\/\/hbg-koeln.de\/index.php?rest_route=%2Fwp%2Fv2%2Fcategories&post=524"},{"taxonomy":"post_tag","embeddable":true,"href":"https:\/\/hbg-koeln.de\/index.php?rest_route=%2Fwp%2Fv2%2Ftags&post=524"}],"curies":[{"name":"wp","href":"https:\/\/api.w.org\/{rel}","templated":true}]}}