{"id":5272,"date":"2017-03-01T14:04:48","date_gmt":"2017-03-01T12:04:48","guid":{"rendered":"http:\/\/hbg-koeln.de\/?p=5272"},"modified":"2017-03-01T14:06:32","modified_gmt":"2017-03-01T12:06:32","slug":"jugend-debattiert-schulfinale-an-der-hbg-2","status":"publish","type":"post","link":"https:\/\/hbg-koeln.de\/?p=5272","title":{"rendered":"Jugend-debattiert-Schulfinale an der HBG"},"content":{"rendered":"<p><a href=\"http:\/\/hbg-koeln.de\/wp-content\/uploads\/2017\/03\/02-Deb.jpg\"><img loading=\"lazy\" decoding=\"async\" class=\"alignleft wp-image-5273\" src=\"http:\/\/hbg-koeln.de\/wp-content\/uploads\/2017\/03\/02-Deb-1024x614.jpg\" alt=\"02-Deb\" width=\"365\" height=\"219\" srcset=\"https:\/\/hbg-koeln.de\/wp-content\/uploads\/2017\/03\/02-Deb-1024x614.jpg 1024w, https:\/\/hbg-koeln.de\/wp-content\/uploads\/2017\/03\/02-Deb-300x180.jpg 300w, https:\/\/hbg-koeln.de\/wp-content\/uploads\/2017\/03\/02-Deb-768x461.jpg 768w, https:\/\/hbg-koeln.de\/wp-content\/uploads\/2017\/03\/02-Deb.jpg 1575w\" sizes=\"auto, (max-width: 365px) 100vw, 365px\" \/><\/a>Seit dem Schuljahr 2015\/16 geh\u00f6rt die Heinrich-B\u00f6ll-Gesamtschule zu den rund 1.100 Schulen in Deutschland, die an dem mehrfach ausgezeichneten bundesweiten Sch\u00fclerwettbewerb Jugend debattiert teilnehmen. Am Dienstag, den 31. Januar 2017 fand zum zweiten Mal an der HBG das Schulfinale im Rahmen dieses Wettbewerbs statt.<!--moreHier weiterlesen--><\/p>\n<p>Auf der B\u00fchne im Freizeitzentrum debattierten acht Sch\u00fclerinnen und Sch\u00fcler, die sich zuvor durch besondere Debattierleistungen in den Vorentscheiden qualifiziert hatten, \u00fcber die Fragen \u201eSoll f\u00fcr die Nutzung von sozialen Medien eine Klarnamenpflicht eingef\u00fchrt werden?\u201c (Sek. I) und \u201eSollen bei allgemeinen Wahlen Jugendliche schon ab 16 Jahren w\u00e4hlen d\u00fcrfen?\u201c (Sek. II).<\/p>\n<p>Auch in diesem Jahr interessierten sich viele Sch\u00fclerinnen und Sch\u00fcler f\u00fcr die Debatten, so dass das Freizeitzentrum erneut gut gef\u00fcllt war. Dies ist umso erfreulicher, da es ein vorrangiges Ziel der Projektteilnahme ist, m\u00f6glichst viele Sch\u00fclerinnen und Sch\u00fcler an der HBG f\u00fcr das Debattieren zu begeistern und auf diese Weise an unserer Schule eine positive Diskussionskultur zu f\u00f6rdern.<\/p>\n<p>Die aus Sch\u00fclerinnen und Sch\u00fclern, Eltern und Lehrern bestehende Jury hatte eine schwierige Wahl zu treffen. Beim Regionalwettbewerb, der am 16. Februar 2017 am Georg-B\u00fcchner-Gymnasium in K\u00f6ln-Weiden stattfindet, werden nun Elanor Schramke und Rivka Born (Sek. I) sowie Julian Meyer und Gizem Kuru (Sek. II) die Heinrich-B\u00f6ll-Gesamtschule vertreten. Herzlichen Gl\u00fcckwunsch, wir dr\u00fccken Euch die Daumen!<\/p>\n<p>Gro\u00dfer Respekt geb\u00fchrt jedoch s\u00e4mtlichen acht Schulfinalisten, die vor einem beachtlichen Publikum zwei interessante und faire Debatten gezeigt haben. Zudem bedanken wir uns bei allen Juroren herzlich f\u00fcr ihr Engagement.<\/p>\n","protected":false},"excerpt":{"rendered":"<p>Seit dem Schuljahr 2015\/16 geh\u00f6rt die Heinrich-B\u00f6ll-Gesamtschule zu den rund 1.100 Schulen in Deutschland, die an dem mehrfach ausgezeichneten bundesweiten Sch\u00fclerwettbewerb Jugend debattiert teilnehmen. Am Dienstag, den 31. Januar 2017 fand zum zweiten Mal an der<a class=\"moretag\" href=\"https:\/\/hbg-koeln.de\/?p=5272\">Read More&#8230;<\/a><\/p>\n","protected":false},"author":11,"featured_media":0,"comment_status":"closed","ping_status":"open","sticky":false,"template":"","format":"standard","meta":{"ngg_post_thumbnail":0,"footnotes":""},"categories":[1],"tags":[],"class_list":["post-5272","post","type-post","status-publish","format-standard","hentry","category-allgemein"],"_links":{"self":[{"href":"https:\/\/hbg-koeln.de\/index.php?rest_route=\/wp\/v2\/posts\/5272","targetHints":{"allow":["GET"]}}],"collection":[{"href":"https:\/\/hbg-koeln.de\/index.php?rest_route=\/wp\/v2\/posts"}],"about":[{"href":"https:\/\/hbg-koeln.de\/index.php?rest_route=\/wp\/v2\/types\/post"}],"author":[{"embeddable":true,"href":"https:\/\/hbg-koeln.de\/index.php?rest_route=\/wp\/v2\/users\/11"}],"replies":[{"embeddable":true,"href":"https:\/\/hbg-koeln.de\/index.php?rest_route=%2Fwp%2Fv2%2Fcomments&post=5272"}],"version-history":[{"count":2,"href":"https:\/\/hbg-koeln.de\/index.php?rest_route=\/wp\/v2\/posts\/5272\/revisions"}],"predecessor-version":[{"id":5275,"href":"https:\/\/hbg-koeln.de\/index.php?rest_route=\/wp\/v2\/posts\/5272\/revisions\/5275"}],"wp:attachment":[{"href":"https:\/\/hbg-koeln.de\/index.php?rest_route=%2Fwp%2Fv2%2Fmedia&parent=5272"}],"wp:term":[{"taxonomy":"category","embeddable":true,"href":"https:\/\/hbg-koeln.de\/index.php?rest_route=%2Fwp%2Fv2%2Fcategories&post=5272"},{"taxonomy":"post_tag","embeddable":true,"href":"https:\/\/hbg-koeln.de\/index.php?rest_route=%2Fwp%2Fv2%2Ftags&post=5272"}],"curies":[{"name":"wp","href":"https:\/\/api.w.org\/{rel}","templated":true}]}}