{"id":5299,"date":"2017-03-06T12:13:55","date_gmt":"2017-03-06T10:13:55","guid":{"rendered":"http:\/\/hbg-koeln.de\/?p=5299"},"modified":"2017-03-08T12:43:12","modified_gmt":"2017-03-08T10:43:12","slug":"hbg-nimmt-erfolgreich-am-regionalverbundfinale-jugend-debattiert-teil","status":"publish","type":"post","link":"https:\/\/hbg-koeln.de\/?p=5299","title":{"rendered":"HBG nimmt erfolgreich am Regionalverbundfinale Jugend debattiert teil"},"content":{"rendered":"<p><a href=\"http:\/\/hbg-koeln.de\/wp-content\/uploads\/2017\/03\/IMG_5398.jpg\"><img loading=\"lazy\" decoding=\"async\" class=\"alignleft  wp-image-5300\" src=\"http:\/\/hbg-koeln.de\/wp-content\/uploads\/2017\/03\/IMG_5398-1024x768.jpg\" alt=\"Jugend debattiert\" height=\"189\" width=\"252\" srcset=\"https:\/\/hbg-koeln.de\/wp-content\/uploads\/2017\/03\/IMG_5398-1024x768.jpg 1024w, https:\/\/hbg-koeln.de\/wp-content\/uploads\/2017\/03\/IMG_5398-300x225.jpg 300w, https:\/\/hbg-koeln.de\/wp-content\/uploads\/2017\/03\/IMG_5398-768x576.jpg 768w\" sizes=\"auto, (max-width: 252px) 100vw, 252px\" \/><\/a>Am Donnerstag, den 16. Februar 2016 fand am Georg-B\u00fcchner-Gymnasium in K\u00f6ln-Weiden das Regionalverbundfinale Jugend debattiert statt, an dem die HBG in diesem Jahr zum zweiten Mal teilnahm.<\/p>\n<p>Qualifiziert hatten sich im schulinternen Finale unserer Schule Elanor Schramke und Rivka Born f\u00fcr die Altersklasse 1 (Sek. I) sowie Julian Meyer und Gizem Kuru f\u00fcr die Altersklasse 2 (Sek. II).<\/p>\n<p><!--moreHier weiterlesen--><\/p>\n<p>Nach der Begr\u00fc\u00dfung ging es am Vormittag in jeweils zwei Qualifikationsdebatten um die Themen \u201eSollen im Deutsch-Unterricht regelm\u00e4\u00dfig l\u00e4ngere Gedichte auswendig gelernt werden?\u201c und \u201eSollen die Bu\u00dfgelder f\u00fcr Verschmutzungen des \u00f6ffentlichen Raumes angehoben werden?\u201c (Sek. I) sowie \u201eSollen die Zeiten, zu denen \u00f6ffentliche Schwimmb\u00e4der ausschlie\u00dflich Frauen offenstehen, ausgeweitet werden?\u201c und \u201eSoll in Innenst\u00e4dten das Betteln verboten werden?\u201c (Sek. II).<\/p>\n<p>Alle vier Sch\u00fclerinnen und Sch\u00fcler der HBG konnten in den Debatten der Vorrunde \u00fcberzeugen, schafften es aufgrund der starken Konkurrenz jedoch nicht in das Finale, in dem \u00fcber die Themen \u201eSoll eine Kennzeichnungspflicht f\u00fcr Fleisch aus Massentierhaltung eingef\u00fchrt werden?\u201c (Sek. I) und \u201eSollen in Stadt- und Gemeinder\u00e4ten Jugendquoten eingef\u00fchrt werden?\u201c (Sek. II) debattiert wurde.<\/p>\n<p>Wir bedanken uns bei allen Teilnehmern f\u00fcr ihr engagiertes Debattieren und freuen uns schon auf das n\u00e4chste Jahr Jugend debattiert an der HBG.<\/p>\n","protected":false},"excerpt":{"rendered":"<p>Am Donnerstag, den 16. Februar 2016 fand am Georg-B\u00fcchner-Gymnasium in K\u00f6ln-Weiden das Regionalverbundfinale Jugend debattiert statt, an dem die HBG in diesem Jahr zum zweiten Mal teilnahm. Qualifiziert hatten sich im schulinternen Finale unserer Schule Elanor<a class=\"moretag\" href=\"https:\/\/hbg-koeln.de\/?p=5299\">Read More&#8230;<\/a><\/p>\n","protected":false},"author":11,"featured_media":0,"comment_status":"closed","ping_status":"open","sticky":false,"template":"","format":"standard","meta":{"ngg_post_thumbnail":0,"footnotes":""},"categories":[1],"tags":[],"class_list":["post-5299","post","type-post","status-publish","format-standard","hentry","category-allgemein"],"_links":{"self":[{"href":"https:\/\/hbg-koeln.de\/index.php?rest_route=\/wp\/v2\/posts\/5299","targetHints":{"allow":["GET"]}}],"collection":[{"href":"https:\/\/hbg-koeln.de\/index.php?rest_route=\/wp\/v2\/posts"}],"about":[{"href":"https:\/\/hbg-koeln.de\/index.php?rest_route=\/wp\/v2\/types\/post"}],"author":[{"embeddable":true,"href":"https:\/\/hbg-koeln.de\/index.php?rest_route=\/wp\/v2\/users\/11"}],"replies":[{"embeddable":true,"href":"https:\/\/hbg-koeln.de\/index.php?rest_route=%2Fwp%2Fv2%2Fcomments&post=5299"}],"version-history":[{"count":1,"href":"https:\/\/hbg-koeln.de\/index.php?rest_route=\/wp\/v2\/posts\/5299\/revisions"}],"predecessor-version":[{"id":5301,"href":"https:\/\/hbg-koeln.de\/index.php?rest_route=\/wp\/v2\/posts\/5299\/revisions\/5301"}],"wp:attachment":[{"href":"https:\/\/hbg-koeln.de\/index.php?rest_route=%2Fwp%2Fv2%2Fmedia&parent=5299"}],"wp:term":[{"taxonomy":"category","embeddable":true,"href":"https:\/\/hbg-koeln.de\/index.php?rest_route=%2Fwp%2Fv2%2Fcategories&post=5299"},{"taxonomy":"post_tag","embeddable":true,"href":"https:\/\/hbg-koeln.de\/index.php?rest_route=%2Fwp%2Fv2%2Ftags&post=5299"}],"curies":[{"name":"wp","href":"https:\/\/api.w.org\/{rel}","templated":true}]}}