{"id":5323,"date":"2017-03-10T12:04:51","date_gmt":"2017-03-10T10:04:51","guid":{"rendered":"http:\/\/hbg-koeln.de\/?p=5323"},"modified":"2017-03-29T21:05:34","modified_gmt":"2017-03-29T19:05:34","slug":"berlin-berlin-wir-fuhren-nach-berlin","status":"publish","type":"post","link":"https:\/\/hbg-koeln.de\/?p=5323","title":{"rendered":"Berlin, Berlin, wir fuhren nach Berlin"},"content":{"rendered":"<p><a href=\"http:\/\/hbg-koeln.de\/wp-content\/uploads\/2017\/03\/P1190882.jpg\"><img loading=\"lazy\" decoding=\"async\" class=\" wp-image-5350 alignleft\" src=\"http:\/\/hbg-koeln.de\/wp-content\/uploads\/2017\/03\/P1190882.jpg\" alt=\"P1190882\" width=\"259\" height=\"194\" srcset=\"https:\/\/hbg-koeln.de\/wp-content\/uploads\/2017\/03\/P1190882.jpg 640w, https:\/\/hbg-koeln.de\/wp-content\/uploads\/2017\/03\/P1190882-300x225.jpg 300w\" sizes=\"auto, (max-width: 259px) 100vw, 259px\" \/><\/a>Unsere B\u00f6ll-Oase wird im &nbsp;Oktober 2017 schon &nbsp;25 Jahre alt. Edmund Siefener, als Gr\u00fcndungsmitglied, hat dies zum Anlass genommen, dem in &nbsp;unserem Bezirk gew\u00e4hlten Bundestagsmitglied Dr. Rolf M\u00fctzenich, \u00fcber das tolle Engagement und die ehrenamtliche T\u00e4tigkeit unserer Eltern an der Heinrich-B\u00f6ll Gesamtschule zu berichten. So wurden wir &nbsp;eingeladen vom 30.Januar&nbsp; \u2013 2. Februar 2017 nach Berlin zu kommen.<!--moreHier Weiterlesen--><\/p>\n<p><strong>Montagmorgen Treffen um&nbsp; 9.30 Uhr<\/strong><\/p>\n<p>K\u00f6ln, Hauptbahnhof . Abfahrt des Zuges um 9.48 Uhr.&nbsp; 9.35 Uhr der IC f\u00e4hrt ein. 38 Eltern der Cafeteria und wir steigen ein. Alle da? Nein, Ralf Treppe fehlt. Merkw\u00fcrdig, der ist doch immer da. Gerade noch geklappt, zwei Busse sind ausgefallen.&nbsp; Das Wetter ist schuld, es schneit.<\/p>\n<p>Um 15 Uhr war Ankunft am Hbf Berlin, wir wurden abgeholt und es ging Richtung Reichtagsgeb\u00e4ude, wo wir nach einem Mittagessen zun\u00e4chst einen Vortrag zum Plenarsaal bekommen. (Es ist sitzungsfreie Woche und die Abgeordneten gehen anderen Aufgaben nach). Danach gibt es das offizielle Foto unserer Gruppe und ein fast zweist\u00fcndiges Gespr\u00e4ch mit Herrn M\u00fctzenich. Etwas Zeit haben wir noch um eine Kuppelbesichtigung zu machen. Es ist schon dunkel und das Wetter ungem\u00fctlich. Dennoch beeindruckend: Der Blick auf die Lichter Berlins und die Aussicht von oben in den Plenarsaal.<\/p>\n<p>Das Programm ist vielf\u00e4ltig und eng getaktet.<\/p>\n<p>Wir werden nach Friedrichshain gefahren und k\u00f6nnen unsere Zimmer beziehen. Das Abendessen ist bestellt im \u201eBauernl\u00fcmmel\u201c um die Ecke.<\/p>\n<p>Am n\u00e4chsten Morgen, es hat geschneit, leckeres Fr\u00fchst\u00fcck und um 9.30 h Abfahrt zum Informationsgespr\u00e4ch beim Deutschen Gewerkschaftsbund. Wir haben einen super gut informierten und gut gelaunten Stadtf\u00fchrer, Marcel. Er macht uns auf viele Dinge aufmerksam, z.B. dass in Friederichshain noch die Stra\u00dfenlaternen aus DDR Zeiten stehen, dass im Berliner Dom um 18.00 Uhr Andacht mit Orgelmusik ist.&nbsp; Mittagessen auf der Friedrichstra\u00dfe. Einige trinken ihren Kaffee am Checkpoint Charly. Der Nachmittag ist zur freien Verf\u00fcgung. In der Andacht im Berliner Dom treffen dann auch viele von uns wieder aufeinander.<\/p>\n<p>Am n\u00e4chsten Morgen geht es zum Stasi Museum. Das Stasi-Museum in Berlin Lichtenberg wird uns authentisch und mit viel Kenntnis von Herrn Pupke nahe gebracht. Er sorgte ma\u00dfgeblich mit daf\u00fcr, dass die R\u00e4ume zu besichtigen und&nbsp; original erhalten sind. Es&nbsp; war sehr beeindruckend und teilweise gruselte es einem auch, den Arbeitsplatz von Herrn Mielke so vorgef\u00fchrt zu bekommen. &nbsp;Mittagessen im Umspannwerk. Tolles Ambiente und Ente mit Rotkohl. Es geht uns gut.<\/p>\n<p>Eine Stadtrundfahrt schlie\u00dft sich an. Marcel ist ein wandelndes Lexikon. Baumhaus im Niemandsland, Jugendstilh\u00e4user, Berlin der Berliner, die schwarzgrauen Stehlen \u201eMahnmal der Schande\u201c, usw. usw.<\/p>\n<p>Abends. In Friedrichshain gibt es jede Menge Kneipen und Cocktail Bars. Wir k\u00f6nnen uns kaum entscheiden, welchen Cocktail wir nehmen sollen.<\/p>\n<p>Schnell ist der letzte Tag gekommen. Es ist kalt und sonnig und&nbsp; Berlin ist eine traumhafte Winterlandschaft.<\/p>\n<p>&nbsp;Heute steht eine F\u00fchrung durch die Gedenkst\u00e4tte Berliner Mauer, Bernauer Str. auf dem Programm. Hier steht ein Original Mauerst\u00fcck mit Todesstreifen. Eine Installation \u201eFenster des Gedenkens\u201c erinnert an Menschen, die an der Mauer bei Fluchtversuchen ihr Leben gelassen haben.<\/p>\n<p>Nachmittags stehen die Hackeschen H\u00f6fe und das j\u00fcdische Leben dort auf dem Programm. Hier gehen wir in kleinen Gruppen auf einen Stadtspaziergang, machen eine F\u00fchrung im Anne Frank Zentrum und besichtigen die Otto Weidt Blindenwerkstatt. \u2013 Wieder ein sehr interessantes Nacherleben.<\/p>\n<p>Bevor es zum Bahnhof geht, bleibt noch Zeit f\u00fcr Kaffee und Kuchen oder doch Currywurst? und ein paar selbstst\u00e4ndige Schritte.<\/p>\n<p>Die Stimmung ist nicht besser vorstellbar &nbsp;und es ist toll, dass wir erleben durften, wie es ist, wenn sich um einen gek\u00fcmmert wird.<\/p>\n<p>Wir sagen danke: Den Eltern f\u00fcr ihren unerm\u00fcdlichen und freundlichen &nbsp;Einsatz,&nbsp; dem Edmund f\u00fcrs Anleiern und all den vielen anderen &nbsp;Unterst\u00fctzern der B\u00f6ll-Oase.<\/p>\n<p>&nbsp;<\/p>\n","protected":false},"excerpt":{"rendered":"<p>Unsere B\u00f6ll-Oase wird im &nbsp;Oktober 2017 schon &nbsp;25 Jahre alt. Edmund Siefener, als Gr\u00fcndungsmitglied, hat dies zum Anlass genommen, dem in &nbsp;unserem Bezirk gew\u00e4hlten Bundestagsmitglied Dr. Rolf M\u00fctzenich, \u00fcber das tolle Engagement und die ehrenamtliche T\u00e4tigkeit<a class=\"moretag\" href=\"https:\/\/hbg-koeln.de\/?p=5323\">Read More&#8230;<\/a><\/p>\n","protected":false},"author":11,"featured_media":0,"comment_status":"closed","ping_status":"open","sticky":false,"template":"","format":"standard","meta":{"ngg_post_thumbnail":0,"footnotes":""},"categories":[1],"tags":[],"class_list":["post-5323","post","type-post","status-publish","format-standard","hentry","category-allgemein"],"_links":{"self":[{"href":"https:\/\/hbg-koeln.de\/index.php?rest_route=\/wp\/v2\/posts\/5323","targetHints":{"allow":["GET"]}}],"collection":[{"href":"https:\/\/hbg-koeln.de\/index.php?rest_route=\/wp\/v2\/posts"}],"about":[{"href":"https:\/\/hbg-koeln.de\/index.php?rest_route=\/wp\/v2\/types\/post"}],"author":[{"embeddable":true,"href":"https:\/\/hbg-koeln.de\/index.php?rest_route=\/wp\/v2\/users\/11"}],"replies":[{"embeddable":true,"href":"https:\/\/hbg-koeln.de\/index.php?rest_route=%2Fwp%2Fv2%2Fcomments&post=5323"}],"version-history":[{"count":2,"href":"https:\/\/hbg-koeln.de\/index.php?rest_route=\/wp\/v2\/posts\/5323\/revisions"}],"predecessor-version":[{"id":5351,"href":"https:\/\/hbg-koeln.de\/index.php?rest_route=\/wp\/v2\/posts\/5323\/revisions\/5351"}],"wp:attachment":[{"href":"https:\/\/hbg-koeln.de\/index.php?rest_route=%2Fwp%2Fv2%2Fmedia&parent=5323"}],"wp:term":[{"taxonomy":"category","embeddable":true,"href":"https:\/\/hbg-koeln.de\/index.php?rest_route=%2Fwp%2Fv2%2Fcategories&post=5323"},{"taxonomy":"post_tag","embeddable":true,"href":"https:\/\/hbg-koeln.de\/index.php?rest_route=%2Fwp%2Fv2%2Ftags&post=5323"}],"curies":[{"name":"wp","href":"https:\/\/api.w.org\/{rel}","templated":true}]}}